{"id":43172,"date":"2019-08-01T06:53:22","date_gmt":"2019-08-01T05:53:22","guid":{"rendered":"\/parlonsen\/?p=43172"},"modified":"2019-08-01T09:21:11","modified_gmt":"2019-08-01T08:21:11","slug":"fete-locale-a-bonnanech-82","status":"publish","type":"post","link":"https:\/\/www.o-p-i.fr\/parlonsen\/localisation\/au-pays-des-tescous\/monclar\/fete-locale-a-bonnanech-82\/","title":{"rendered":"F\u00eate locale &#8230;\u00e0 Bonnanech (82)"},"content":{"rendered":"<p><strong>Samedi 10 et dimanche 11 ao\u00fbt 2019.<\/strong><!--more--><\/p>\n<p><img data-recalc-dims=\"1\" loading=\"lazy\" decoding=\"async\" class=\"alignright size-full wp-image-43173\" src=\"https:\/\/i0.wp.com\/www.o-p-i.fr\/parlonsen\/wp-content\/uploads\/Bonanech.jpg?resize=340%2C225&#038;ssl=1\" alt=\"\" width=\"340\" height=\"225\" srcset=\"https:\/\/i0.wp.com\/www.o-p-i.fr\/parlonsen\/wp-content\/uploads\/Bonanech.jpg?w=340&amp;ssl=1 340w, https:\/\/i0.wp.com\/www.o-p-i.fr\/parlonsen\/wp-content\/uploads\/Bonanech.jpg?resize=300%2C199&amp;ssl=1 300w, https:\/\/i0.wp.com\/www.o-p-i.fr\/parlonsen\/wp-content\/uploads\/Bonanech.jpg?resize=150%2C99&amp;ssl=1 150w\" sizes=\"auto, (max-width: 340px) 100vw, 340px\" \/>Le Hameau de Bonnanech, commune de Monclar de Quercy, vivra \u00e0 l&rsquo;heure de la f\u00eate locale les samedi 10 et dimanche 11 ao\u00fbt prochains. Un programme permettant \u00e0 toutes les g\u00e9n\u00e9rations de se rencontrer \u00e0 \u00e9t\u00e9 mis au point par les b\u00e9n\u00e9voles du Comit\u00e9 d&rsquo;Animation.<\/p>\n<ul>\n<li>Samedi 10, d\u00e9but des festivit\u00e9s autour d&rsquo;un march\u00e9 gourmand \u00e0 partir de 19h00.<br \/>\nLa soir\u00e9e se poursuivra par la danse avec l&rsquo;animation discomobile DiscoFun.<\/li>\n<li>Dimanche 11 ao\u00fbt, \u00e0 10h30 messe en l&rsquo;\u00e9glise de Saint Laurent avec la participation de la Chorale du Prieur\u00e9 de Monclar. 12h00 ap\u00e9ritif d&rsquo;honneur sur la Place de la Forge \u00e0 Bonnanech. 14h00 concours amical de p\u00e9tanque en doublettes 4 parties. Soir\u00e9e dansante \u00e0 21h00 avec les musiciens de l&rsquo;orchestre Pyr\u00e9n\u00e9es Musette.<\/li>\n<\/ul>\n<p>Bals gratuits les deux soirs.<\/p>\n<p><em>Information communiqu\u00e9e par Claude LAFON<\/em><\/p>\n<p><a href=\"https:\/\/www.o-p-i.fr\/parlonsen\/agenda\/\">Retrouvez tous les \u00e9v\u00e9nements dans l&rsquo;agenda !<\/a><\/p>\n","protected":false},"excerpt":{"rendered":"<div class=\"mh-excerpt\">Samedi 10 et dimanche 11 ao\u00fbt 2019.<\/div>\n","protected":false},"author":4,"featured_media":0,"comment_status":"open","ping_status":"open","sticky":false,"template":"","format":"standard","meta":{"om_disable_all_campaigns":false,"advanced_seo_description":"","jetpack_seo_html_title":"","jetpack_seo_noindex":false,"_jetpack_memberships_contains_paid_content":false,"footnotes":"","_links_to":"","_links_to_target":""},"categories":[54,16,3697],"tags":[1736,1763,2841,3250,303],"class_list":{"0":"post-43172","1":"post","2":"type-post","3":"status-publish","4":"format-standard","6":"category-loisirs","7":"category-monclar","8":"category-n-161-aout-2019","9":"tag-concours-de-petanque","10":"tag-bal-musette","11":"tag-fete-locale","12":"tag-bonanech","13":"tag-marche-gourmand"},"jetpack_featured_media_url":"","views":{"total":4,"cached_at":"","cached_date":1738477118},"jetpack_likes_enabled":true,"jetpack_sharing_enabled":true,"jetpack_shortlink":"https:\/\/wp.me\/pg7Wxj-bek","jetpack-related-posts":[],"_links":{"self":[{"href":"https:\/\/www.o-p-i.fr\/parlonsen\/wp-json\/wp\/v2\/posts\/43172","targetHints":{"allow":["GET"]}}],"collection":[{"href":"https:\/\/www.o-p-i.fr\/parlonsen\/wp-json\/wp\/v2\/posts"}],"about":[{"href":"https:\/\/www.o-p-i.fr\/parlonsen\/wp-json\/wp\/v2\/types\/post"}],"author":[{"embeddable":true,"href":"https:\/\/www.o-p-i.fr\/parlonsen\/wp-json\/wp\/v2\/users\/4"}],"replies":[{"embeddable":true,"href":"https:\/\/www.o-p-i.fr\/parlonsen\/wp-json\/wp\/v2\/comments?post=43172"}],"version-history":[{"count":0,"href":"https:\/\/www.o-p-i.fr\/parlonsen\/wp-json\/wp\/v2\/posts\/43172\/revisions"}],"wp:attachment":[{"href":"https:\/\/www.o-p-i.fr\/parlonsen\/wp-json\/wp\/v2\/media?parent=43172"}],"wp:term":[{"taxonomy":"category","embeddable":true,"href":"https:\/\/www.o-p-i.fr\/parlonsen\/wp-json\/wp\/v2\/categories?post=43172"},{"taxonomy":"post_tag","embeddable":true,"href":"https:\/\/www.o-p-i.fr\/parlonsen\/wp-json\/wp\/v2\/tags?post=43172"}],"curies":[{"name":"wp","href":"https:\/\/api.w.org\/{rel}","templated":true}]}}