{"id":43177,"date":"2019-09-12T10:06:18","date_gmt":"2019-09-12T09:06:18","guid":{"rendered":"\/parlonsen\/?p=43177"},"modified":"2019-09-13T03:34:22","modified_gmt":"2019-09-13T02:34:22","slug":"les-balladines-a-penne-81","status":"publish","type":"post","link":"https:\/\/www.o-p-i.fr\/parlonsen\/parlons-en\/culture\/les-balladines-a-penne-81\/","title":{"rendered":"\u00ab\u00a0Les Balladines\u00a0\u00bb &#8230; \u00e0 Penne (81)"},"content":{"rendered":"<p>Festival les <strong>13, 14 et 15 septembre 2019<\/strong>. <!--more--><img data-recalc-dims=\"1\" loading=\"lazy\" decoding=\"async\" class=\"alignright size-full wp-image-43179\" src=\"https:\/\/i0.wp.com\/www.o-p-i.fr\/parlonsen\/wp-content\/uploads\/ballladines.jpg?resize=340%2C393&#038;ssl=1\" alt=\"\" width=\"340\" height=\"393\" srcset=\"https:\/\/i0.wp.com\/www.o-p-i.fr\/parlonsen\/wp-content\/uploads\/ballladines.jpg?w=340&amp;ssl=1 340w, https:\/\/i0.wp.com\/www.o-p-i.fr\/parlonsen\/wp-content\/uploads\/ballladines.jpg?resize=260%2C300&amp;ssl=1 260w, https:\/\/i0.wp.com\/www.o-p-i.fr\/parlonsen\/wp-content\/uploads\/ballladines.jpg?resize=130%2C150&amp;ssl=1 130w\" sizes=\"auto, (max-width: 340px) 100vw, 340px\" \/>Penne est une cit\u00e9 remarquable dans le Tarn, sur un \u00e9peron rocheux couronn\u00e9 par une forteresse,<br \/>\navec une superbe vue sur les Gorges de l\u2019Aveyron. Ce bourg m\u00e9di\u00e9val d\u00e9voile une grande richesse<br \/>\npatrimoniale et architecturale au gr\u00e9 de ses ruelles \u00e9troites et sinueuses.<br \/>\nDans les ann\u00e9es 40, le charme du lieu attira et inspira plusieurs artistes proches du Surr\u00e9alisme ;<br \/>\nparmi eux, des po\u00e8tes&#8230;<br \/>\nDes habitants de Penne, nombreux, ont r\u00e9cemment r\u00eav\u00e9 que des artistes d&rsquo;aujourd\u2019hui viennent<br \/>\nenchanter et mettre en valeur le patrimoine de leur village, au travers de la po\u00e9sie.<\/p>\n<p><img data-recalc-dims=\"1\" loading=\"lazy\" decoding=\"async\" class=\"alignleft size-thumbnail wp-image-43180\" src=\"https:\/\/i0.wp.com\/www.o-p-i.fr\/parlonsen\/wp-content\/uploads\/ballladines-2.jpg?resize=150%2C150&#038;ssl=1\" alt=\"\" width=\"150\" height=\"150\" \/>De l\u00e0 sont n\u00e9es\u00ab Les Balladines de Penne \u00bb, un festival d\u2019arts po\u00e9tiques dont le bourg historique du village est le cadre, l\u2019espace sc\u00e9nique ; et dont la po\u00e9sie est le coeur, le fil conducteur. Une po\u00e9sie facteur de lien social et de valorisation du patrimoine.<br \/>\nPlusieurs formes expressives seront \u00e0 l\u2019honneur pendant le festival : lectures th\u00e9\u00e2tralis\u00e9es, chant,<br \/>\nmusique, danse, arts circassiens, arts plastiques,\u2026 Elles se r\u00e9pandront sur de multiples sc\u00e8nes au<br \/>\ngr\u00e9 des places, jardins et terrasses publics et priv\u00e9s ; mais aussi sur une face du ch\u00e2teau, dans un<br \/>\nballet chor\u00e9graphique a\u00e9rien nous rappelant peut-\u00eatre les assauts guerriers du temps pass\u00e9\u2026, et<br \/>\njusqu\u2019au c\u0153ur de ce ch\u00e2teau o\u00f9 s\u2019exprimaient autrefois les troubadours.<br \/>\n\u00ab Les Balladines de Penne \u00bb s\u2019appuient sur le travail men\u00e9 depuis des ann\u00e9es par des associations,<br \/>\net des artistes, qui ont su sauvegarder et faire vivre des racines propres au village, tant po\u00e9tiques,<br \/>\nqu\u2019historiques, voire pr\u00e9historiques ; avez-vous par exemple souvent vu une sc\u00e8ne artistique<br \/>\nmagnifiquement am\u00e9nag\u00e9e dans une authentique caverne !<br \/>\nIl y aura plusieurs temps forts lors de l&rsquo;\u00e9dition 2019 du festival \u00abLes Balladines de Penne\u00bb<\/p>\n<ul>\n<li>des spectacles grand public, sur une sc\u00e8ne, et plus spectaculaire \u00e0 la verticale sur une muraille !<\/li>\n<li>des rencontres entre po\u00e8tes, \u00e9diteurs, et public ;<\/li>\n<li>une \u00ab d\u00e9ambulation \u00bb guid\u00e9e dans les ruelles du bourg, scand\u00e9e par des performances<br \/>\nartistiques dans des lieux improbables et des surprises sur l\u2019histoire de la cit\u00e9.<\/li>\n<\/ul>\n<p>Il y aura aussi des ateliers (ha\u00efku, slam, po\u00e9sie enfants), un march\u00e9 des \u00e9diteurs, des d\u00e9cors<br \/>\nsurprenants avec de grands masques de l\u2019Arche de No\u00e9, un repas \u00ab artistique \u00bb,\u2026 et du vin, des<br \/>\nproduits locaux\u2026<br \/>\nAlors, bienvenue dans notre festival \u00ab Les Balladines de Penne \u00bb, un \u00e9v\u00e9nement populaire,<br \/>\nconvivial, original, ouvert \u00e0 tous et gratuit.<\/p>\n<p>Vous pouvez t\u00e9l\u00e9charger le programme d\u00e9taill\u00e9 en cliquant:\u00a0<strong><a href=\"https:\/\/www.o-p-i.fr\/parlonsen\/wp-content\/uploads\/Balladines-programme-13-14-15-septembre-2019.pdf\">Balladines programme 13 14 15 septembre 2019<\/a><\/strong><\/p>\n<p><em>Information communiqu\u00e9e par Ariane<\/em><\/p>\n<p><a href=\"https:\/\/www.o-p-i.fr\/parlonsen\/agenda\/\">Retrouvez tous les \u00e9v\u00e9nements dans l&rsquo;agenda !<\/a><\/p>\n<p>&nbsp;<\/p>\n<p>&nbsp;<\/p>\n","protected":false},"excerpt":{"rendered":"<div class=\"mh-excerpt\">Festival les 13, 14 et 15 septembre 2019.<\/div>\n","protected":false},"author":4,"featured_media":0,"comment_status":"open","ping_status":"open","sticky":false,"template":"","format":"standard","meta":{"om_disable_all_campaigns":false,"advanced_seo_description":"","jetpack_seo_html_title":"","jetpack_seo_noindex":false,"_jetpack_memberships_contains_paid_content":false,"footnotes":"","_links_to":"","_links_to_target":""},"categories":[42,1,54,3706],"tags":[213,677,681,3148,3534,3716,3717],"class_list":{"0":"post-43177","1":"post","2":"type-post","3":"status-publish","4":"format-standard","6":"category-a-cote-de-chez-nous","7":"category-culture","8":"category-loisirs","9":"category-n-162-septembre-2019","10":"tag-slam","11":"tag-festival","12":"tag-penne","13":"tag-haiku","14":"tag-repas-anime","15":"tag-balladines","16":"tag-marche-des-editeurs"},"jetpack_featured_media_url":"","views":{"total":2,"cached_at":"","cached_date":1738512882},"jetpack_likes_enabled":true,"jetpack_sharing_enabled":true,"jetpack_shortlink":"https:\/\/wp.me\/pg7Wxj-bep","jetpack-related-posts":[],"_links":{"self":[{"href":"https:\/\/www.o-p-i.fr\/parlonsen\/wp-json\/wp\/v2\/posts\/43177","targetHints":{"allow":["GET"]}}],"collection":[{"href":"https:\/\/www.o-p-i.fr\/parlonsen\/wp-json\/wp\/v2\/posts"}],"about":[{"href":"https:\/\/www.o-p-i.fr\/parlonsen\/wp-json\/wp\/v2\/types\/post"}],"author":[{"embeddable":true,"href":"https:\/\/www.o-p-i.fr\/parlonsen\/wp-json\/wp\/v2\/users\/4"}],"replies":[{"embeddable":true,"href":"https:\/\/www.o-p-i.fr\/parlonsen\/wp-json\/wp\/v2\/comments?post=43177"}],"version-history":[{"count":0,"href":"https:\/\/www.o-p-i.fr\/parlonsen\/wp-json\/wp\/v2\/posts\/43177\/revisions"}],"wp:attachment":[{"href":"https:\/\/www.o-p-i.fr\/parlonsen\/wp-json\/wp\/v2\/media?parent=43177"}],"wp:term":[{"taxonomy":"category","embeddable":true,"href":"https:\/\/www.o-p-i.fr\/parlonsen\/wp-json\/wp\/v2\/categories?post=43177"},{"taxonomy":"post_tag","embeddable":true,"href":"https:\/\/www.o-p-i.fr\/parlonsen\/wp-json\/wp\/v2\/tags?post=43177"}],"curies":[{"name":"wp","href":"https:\/\/api.w.org\/{rel}","templated":true}]}}