{"id":43196,"date":"2019-08-01T15:56:06","date_gmt":"2019-08-01T14:56:06","guid":{"rendered":"\/parlonsen\/?p=43196"},"modified":"2025-11-12T00:39:49","modified_gmt":"2025-11-11T23:39:49","slug":"bal-traditionnel-occitan-a-bioule-82","status":"publish","type":"post","link":"https:\/\/www.o-p-i.fr\/parlonsen\/localisation\/a-cote-de-chez-nous\/bioule\/bal-traditionnel-occitan-a-bioule-82\/","title":{"rendered":"Bal traditionnel occitan&#8230; \u00e0 Bioule (82)"},"content":{"rendered":"<p><strong>Samedi 7 septembre 2019<\/strong>, 21h. \u00e0 la salle des f\u00eates. <!--more--><\/p>\n<p><img data-recalc-dims=\"1\" loading=\"lazy\" decoding=\"async\" class=\"alignright wp-image-43197\" src=\"https:\/\/i0.wp.com\/www.o-p-i.fr\/parlonsen\/wp-content\/uploads\/Estiu.jpg?resize=350%2C222&#038;ssl=1\" alt=\"\" width=\"350\" height=\"222\" srcset=\"https:\/\/i0.wp.com\/www.o-p-i.fr\/parlonsen\/wp-content\/uploads\/Estiu.jpg?w=172&amp;ssl=1 172w, https:\/\/i0.wp.com\/www.o-p-i.fr\/parlonsen\/wp-content\/uploads\/Estiu.jpg?resize=150%2C95&amp;ssl=1 150w\" sizes=\"auto, (max-width: 350px) 100vw, 350px\" \/>Bal de cl\u00f4ture de l'\u00a0\u00bbEstiu occitan\u00a0\u00bb<\/p>\n<p>Bal traditionnel Occitan \u00e0 la salle des f\u00eates \u00e0 21 h.<\/p>\n<p><strong> Pour y aller:<\/strong><br \/>\nsalle des f\u00eates<br \/>\n82800-Bioule<\/p>\n<p><strong>Tarifs<\/strong> : 5 \u20acuros<\/p>\n<p><strong> Organisateur : <\/strong><a href=\"https:\/\/www.o-p-i.fr\/aupays\/annuaire\/loisirs\/reveil-occitan\/\" target=\"_blank\" rel=\"noopener noreferrer\">R\u00e9veil Occitan de Tarn et Garonne<\/a><\/p>\n<p><strong> Contact : <\/strong>ASTORG Jeanine<br \/>\n484 chemin des Ducs<br \/>\n82800-Bioule<\/p>\n<p><em>Information communiqu\u00e9e par Jeanine ASTORG\u00a0<\/em><\/p>\n<p><a href=\"https:\/\/www.o-p-i.fr\/parlonsen\/agenda\/\">Retrouvez tous les \u00e9v\u00e9nements dans l&rsquo;agenda !<\/a><\/p>\n","protected":false},"excerpt":{"rendered":"<div class=\"mh-excerpt\">Samedi 7 septembre 2019, 21h. \u00e0 la salle des f\u00eates.<\/div>\n","protected":false},"author":4,"featured_media":0,"comment_status":"open","ping_status":"open","sticky":false,"template":"","format":"standard","meta":{"om_disable_all_campaigns":false,"advanced_seo_description":"","jetpack_seo_html_title":"","jetpack_seo_noindex":false,"_jetpack_memberships_contains_paid_content":false,"footnotes":"","_links_to":"","_links_to_target":""},"categories":[40,54,3706],"tags":[2015,2819],"class_list":{"0":"post-43196","1":"post","2":"type-post","3":"status-publish","4":"format-standard","6":"category-bioule","7":"category-loisirs","8":"category-n-162-septembre-2019","9":"tag-bal-occitan","10":"tag-estiu"},"jetpack_featured_media_url":"","views":{"total":0,"cached_at":"","cached_date":1738240707},"jetpack_likes_enabled":true,"jetpack_sharing_enabled":true,"jetpack_shortlink":"https:\/\/wp.me\/pg7Wxj-beI","jetpack-related-posts":[],"_links":{"self":[{"href":"https:\/\/www.o-p-i.fr\/parlonsen\/wp-json\/wp\/v2\/posts\/43196","targetHints":{"allow":["GET"]}}],"collection":[{"href":"https:\/\/www.o-p-i.fr\/parlonsen\/wp-json\/wp\/v2\/posts"}],"about":[{"href":"https:\/\/www.o-p-i.fr\/parlonsen\/wp-json\/wp\/v2\/types\/post"}],"author":[{"embeddable":true,"href":"https:\/\/www.o-p-i.fr\/parlonsen\/wp-json\/wp\/v2\/users\/4"}],"replies":[{"embeddable":true,"href":"https:\/\/www.o-p-i.fr\/parlonsen\/wp-json\/wp\/v2\/comments?post=43196"}],"version-history":[{"count":1,"href":"https:\/\/www.o-p-i.fr\/parlonsen\/wp-json\/wp\/v2\/posts\/43196\/revisions"}],"predecessor-version":[{"id":67512,"href":"https:\/\/www.o-p-i.fr\/parlonsen\/wp-json\/wp\/v2\/posts\/43196\/revisions\/67512"}],"wp:attachment":[{"href":"https:\/\/www.o-p-i.fr\/parlonsen\/wp-json\/wp\/v2\/media?parent=43196"}],"wp:term":[{"taxonomy":"category","embeddable":true,"href":"https:\/\/www.o-p-i.fr\/parlonsen\/wp-json\/wp\/v2\/categories?post=43196"},{"taxonomy":"post_tag","embeddable":true,"href":"https:\/\/www.o-p-i.fr\/parlonsen\/wp-json\/wp\/v2\/tags?post=43196"}],"curies":[{"name":"wp","href":"https:\/\/api.w.org\/{rel}","templated":true}]}}