{"id":43226,"date":"2019-08-03T19:02:07","date_gmt":"2019-08-03T18:02:07","guid":{"rendered":"\/parlonsen\/?p=43226"},"modified":"2019-08-03T19:11:21","modified_gmt":"2019-08-03T18:11:21","slug":"johnny-makam-en-concert-a-rabastens-81","status":"publish","type":"post","link":"https:\/\/www.o-p-i.fr\/parlonsen\/parlons-en\/culture\/johnny-makam-en-concert-a-rabastens-81\/","title":{"rendered":"Johnny Makam en concert &#8230; \u00e0 Rabastens (81)"},"content":{"rendered":"<p><strong>Vendredi 9 ao\u00fbt 2019<\/strong> \u00e0 20h30, au Banc Sonore.<!--more--><img data-recalc-dims=\"1\" loading=\"lazy\" decoding=\"async\" class=\"alignright size-full wp-image-43228\" src=\"https:\/\/i0.wp.com\/www.o-p-i.fr\/parlonsen\/wp-content\/uploads\/makam-2.jpg?resize=260%2C278&#038;ssl=1\" alt=\"\" width=\"260\" height=\"278\" srcset=\"https:\/\/i0.wp.com\/www.o-p-i.fr\/parlonsen\/wp-content\/uploads\/makam-2.jpg?w=260&amp;ssl=1 260w, https:\/\/i0.wp.com\/www.o-p-i.fr\/parlonsen\/wp-content\/uploads\/makam-2.jpg?resize=140%2C150&amp;ssl=1 140w\" sizes=\"auto, (max-width: 260px) 100vw, 260px\" \/><strong>Johnny Makam<\/strong>, musique des f\u00eates des Balkans et Turquie<\/p>\n<p>R\u00e9adaptant le r\u00e9pertoire traditionnel de Bulgarie,de Mac\u00e9doine et de Turquie , le groupe nous emm\u00e8ne par leurs m\u00e9lodies v\u00e9loces, leurs rythmes percutants, ou bien encore les chansons de la mer noire distill\u00e9e par la voix envo\u00fbtante de leur chanteuse, aux portes de l&rsquo;orient et des balkans.<\/p>\n<h3><a class=\"placeLabel\" href=\"https:\/\/tarn.demosphere.net\/lieu\/1575\">Lieu :<\/a><a class=\"city\" href=\"https:\/\/tarn.demosphere.net\/?selectCityId=54\" target=\"_blank\" rel=\"noopener noreferrer\">Rabastens<\/a><\/h3>\n<p class=\"address-text\"><a href=\"https:\/\/tarn.demosphere.net\/lieu\/1575\" target=\"_blank\" rel=\"noopener noreferrer\">Le Banc Sonore<br \/>\n22, Promenade des Lices<br \/>\n81800 Rabastens<\/a><\/p>\n<p><em>Information communiqu\u00e9e par D\u00e9mosph\u00e8re<\/em><\/p>\n<p><a href=\"https:\/\/www.o-p-i.fr\/parlonsen\/agenda\/\">Retrouvez tous les \u00e9v\u00e9nements dans l&rsquo;agenda !<\/a><\/p>\n<p>&nbsp;<\/p>\n<p>&nbsp;<\/p>\n","protected":false},"excerpt":{"rendered":"<div class=\"mh-excerpt\">Vendredi 9 ao\u00fbt 2019 \u00e0 20h30, au Banc Sonore.<\/div>\n","protected":false},"author":4,"featured_media":0,"comment_status":"open","ping_status":"open","sticky":false,"template":"","format":"standard","meta":{"om_disable_all_campaigns":false,"advanced_seo_description":"","jetpack_seo_html_title":"","jetpack_seo_noindex":false,"_jetpack_memberships_contains_paid_content":false,"footnotes":"","_links_to":"","_links_to_target":""},"categories":[42,1,54,3697],"tags":[43,72,2758],"class_list":{"0":"post-43226","1":"post","2":"type-post","3":"status-publish","4":"format-standard","6":"category-a-cote-de-chez-nous","7":"category-culture","8":"category-loisirs","9":"category-n-161-aout-2019","10":"tag-concert","11":"tag-rabastens","12":"tag-le-banc-sonore"},"jetpack_featured_media_url":"","views":{"total":1,"cached_at":"","cached_date":1738473778},"jetpack_likes_enabled":true,"jetpack_sharing_enabled":true,"jetpack_shortlink":"https:\/\/wp.me\/pg7Wxj-bfc","jetpack-related-posts":[],"_links":{"self":[{"href":"https:\/\/www.o-p-i.fr\/parlonsen\/wp-json\/wp\/v2\/posts\/43226","targetHints":{"allow":["GET"]}}],"collection":[{"href":"https:\/\/www.o-p-i.fr\/parlonsen\/wp-json\/wp\/v2\/posts"}],"about":[{"href":"https:\/\/www.o-p-i.fr\/parlonsen\/wp-json\/wp\/v2\/types\/post"}],"author":[{"embeddable":true,"href":"https:\/\/www.o-p-i.fr\/parlonsen\/wp-json\/wp\/v2\/users\/4"}],"replies":[{"embeddable":true,"href":"https:\/\/www.o-p-i.fr\/parlonsen\/wp-json\/wp\/v2\/comments?post=43226"}],"version-history":[{"count":0,"href":"https:\/\/www.o-p-i.fr\/parlonsen\/wp-json\/wp\/v2\/posts\/43226\/revisions"}],"wp:attachment":[{"href":"https:\/\/www.o-p-i.fr\/parlonsen\/wp-json\/wp\/v2\/media?parent=43226"}],"wp:term":[{"taxonomy":"category","embeddable":true,"href":"https:\/\/www.o-p-i.fr\/parlonsen\/wp-json\/wp\/v2\/categories?post=43226"},{"taxonomy":"post_tag","embeddable":true,"href":"https:\/\/www.o-p-i.fr\/parlonsen\/wp-json\/wp\/v2\/tags?post=43226"}],"curies":[{"name":"wp","href":"https:\/\/api.w.org\/{rel}","templated":true}]}}