{"id":43242,"date":"2019-08-05T20:39:43","date_gmt":"2019-08-05T19:39:43","guid":{"rendered":"\/parlonsen\/?p=43242"},"modified":"2019-08-05T20:43:45","modified_gmt":"2019-08-05T19:43:45","slug":"stage-carnet-de-voyage-a-castelnau-de-montmiral-81","status":"publish","type":"post","link":"https:\/\/www.o-p-i.fr\/parlonsen\/parlons-en\/culture\/stage-carnet-de-voyage-a-castelnau-de-montmiral-81\/","title":{"rendered":"Stage \u00ab\u00a0carnet de voyage\u00a0\u00bb&#8230; \u00e0 Castelnau de Montmiral (81)"},"content":{"rendered":"<p>Du<strong> lundi 26 au vendredi 30 ao\u00fbt 2019<\/strong>, association 2JOL, place de l&rsquo;hopital.<!--more--><img data-recalc-dims=\"1\" loading=\"lazy\" decoding=\"async\" class=\"alignright wp-image-43243 size-medium\" src=\"https:\/\/i0.wp.com\/www.o-p-i.fr\/parlonsen\/wp-content\/uploads\/stage-carnet.jpg?resize=300%2C245&#038;ssl=1\" alt=\"\" width=\"300\" height=\"245\" srcset=\"https:\/\/i0.wp.com\/www.o-p-i.fr\/parlonsen\/wp-content\/uploads\/stage-carnet.jpg?resize=300%2C245&amp;ssl=1 300w, https:\/\/i0.wp.com\/www.o-p-i.fr\/parlonsen\/wp-content\/uploads\/stage-carnet.jpg?resize=150%2C123&amp;ssl=1 150w, https:\/\/i0.wp.com\/www.o-p-i.fr\/parlonsen\/wp-content\/uploads\/stage-carnet.jpg?resize=400%2C327&amp;ssl=1 400w, https:\/\/i0.wp.com\/www.o-p-i.fr\/parlonsen\/wp-content\/uploads\/stage-carnet.jpg?w=417&amp;ssl=1 417w\" sizes=\"auto, (max-width: 300px) 100vw, 300px\" \/><\/p>\n<p>STAGE CARNET DE VOYAGE -TECHNIQUES MIXTES: Ce stage vous permettra de vous initier aux diff\u00e9rentes techniques de croquis pris sur le vif au moyen de diff\u00e9rentes techniques : encre de chine, lavis, aquarelle, stylo mine de plomb, collage. Il s&rsquo;agit pour vous de trouver votre mode d&rsquo;expression le plus libre : encre de chine, \u00e9colines, lavis, aquarelle, stylo, mine de plomb, collage. Cette d\u00e9marche plurielle vous permettra ainsi d&rsquo;enrichir votre exp\u00e9rience et votre horizon pictural et de trouver la technique qui convient le mieux \u00e0 ce que vous voulez exprimer.<\/p>\n<p>On portera une attention particuli\u00e8re aux questions de composition selon le sujet choisi : perspectives urbaines, profondeur dans le paysage, sc\u00e8nes vivantes avec personnages ou animaux.<\/p>\n<p>Le port d&rsquo;attache de ce stage sera une ancienne maison situ\u00e9e sur les remparts de Castelnau de Montmiral. Bastides perch\u00e9e, fond\u00e9e au 13\u00e8me si\u00e8cle et b\u00e9n\u00e9ficiant d&rsquo;un point de vue exceptionnel. Ce stage sera l&rsquo;occasion d&rsquo;explorer \u00e9galement de beaux sites environnant.<\/p>\n<p><strong><img data-recalc-dims=\"1\" loading=\"lazy\" decoding=\"async\" class=\"alignleft wp-image-43244 size-medium\" src=\"https:\/\/i0.wp.com\/www.o-p-i.fr\/parlonsen\/wp-content\/uploads\/Davoult.jpg?resize=300%2C221&#038;ssl=1\" alt=\"\" width=\"300\" height=\"221\" srcset=\"https:\/\/i0.wp.com\/www.o-p-i.fr\/parlonsen\/wp-content\/uploads\/Davoult.jpg?resize=300%2C221&amp;ssl=1 300w, https:\/\/i0.wp.com\/www.o-p-i.fr\/parlonsen\/wp-content\/uploads\/Davoult.jpg?resize=150%2C111&amp;ssl=1 150w, https:\/\/i0.wp.com\/www.o-p-i.fr\/parlonsen\/wp-content\/uploads\/Davoult.jpg?w=340&amp;ssl=1 340w\" sizes=\"auto, (max-width: 300px) 100vw, 300px\" \/>Florence Davoult<\/strong> est une artiste tr\u00e8s appr\u00e9ci\u00e9e qui expose dans la r\u00e9gion de Toulouse apr\u00e8s avoir beaucoup expos\u00e9 \u00e0 Paris. Elle est dipl\u00f4m\u00e9e d l&rsquo;Ecole Nationale Sup\u00e9rieure des arts appliqu\u00e9s et des M\u00e9tiers d&rsquo;Art (ENSAAMA). Elle a fait un long s\u00e9jour en Afrique \u00e0 l&rsquo;\u00e2ge de 20 ans et orient\u00e9 son travail sur le rapport de l&rsquo;homme \u00e0 la nature. Elle s&rsquo;est cr\u00e9e un univers imaginaire tr\u00e8s figuratif avec un vocabulaire personnel. Sa technique est le travail sur papier \u00e0 l&rsquo;encre de chine. Elle exerce parall\u00e8lement des activit\u00e9s p\u00e9dagogiques aupr\u00e8s des enfants et des adultes.<\/p>\n<p>Ce stage est ouvert aux d\u00e9butants et confirm\u00e9s : nombre maximum de stagiaires 6.<br \/>\nLe stage dure 5 jours<br \/>\nTarif :240 euros (pour s\u2019inscrire :acompte de 80 euros indiquer ses coordonn\u00e9es (t\u00e9l\u00e9phone mail) et envoyer \u00e0 Association 2JOL place de l\u2019hopital 81140 Castelnau de Montmiral)<\/p>\n<p><em>Information communiqu\u00e9e par Dominique, association 2Jol<\/em><\/p>\n<p><a href=\"https:\/\/www.o-p-i.fr\/parlonsen\/agenda\/\">Retrouvez tous les \u00e9v\u00e9nements dans l&rsquo;agenda !<\/a><\/p>\n","protected":false},"excerpt":{"rendered":"<div class=\"mh-excerpt\">Du lundi 26 au vendredi 30 ao\u00fbt 2019, association 2JOL, place de l&rsquo;hopital.<\/div>\n","protected":false},"author":4,"featured_media":0,"comment_status":"open","ping_status":"open","sticky":false,"template":"","format":"standard","meta":{"om_disable_all_campaigns":false,"advanced_seo_description":"","jetpack_seo_html_title":"","jetpack_seo_noindex":false,"_jetpack_memberships_contains_paid_content":false,"footnotes":"","_links_to":"","_links_to_target":""},"categories":[52,22,1,725,54,3697],"tags":[158,195,3219,3722],"class_list":{"0":"post-43242","1":"post","2":"type-post","3":"status-publish","4":"format-standard","6":"category-parlons-en","7":"category-castelnau","8":"category-culture","9":"category-formation-parlons-en","10":"category-loisirs","11":"category-n-161-aout-2019","12":"tag-castelnau-de-montmiral","13":"tag-stage","14":"tag-association-2jol","15":"tag-stage-dessin"},"jetpack_featured_media_url":"","views":{"total":0,"cached_at":"","cached_date":1738529485},"jetpack_likes_enabled":true,"jetpack_sharing_enabled":true,"jetpack_shortlink":"https:\/\/wp.me\/pg7Wxj-bfs","jetpack-related-posts":[],"_links":{"self":[{"href":"https:\/\/www.o-p-i.fr\/parlonsen\/wp-json\/wp\/v2\/posts\/43242","targetHints":{"allow":["GET"]}}],"collection":[{"href":"https:\/\/www.o-p-i.fr\/parlonsen\/wp-json\/wp\/v2\/posts"}],"about":[{"href":"https:\/\/www.o-p-i.fr\/parlonsen\/wp-json\/wp\/v2\/types\/post"}],"author":[{"embeddable":true,"href":"https:\/\/www.o-p-i.fr\/parlonsen\/wp-json\/wp\/v2\/users\/4"}],"replies":[{"embeddable":true,"href":"https:\/\/www.o-p-i.fr\/parlonsen\/wp-json\/wp\/v2\/comments?post=43242"}],"version-history":[{"count":0,"href":"https:\/\/www.o-p-i.fr\/parlonsen\/wp-json\/wp\/v2\/posts\/43242\/revisions"}],"wp:attachment":[{"href":"https:\/\/www.o-p-i.fr\/parlonsen\/wp-json\/wp\/v2\/media?parent=43242"}],"wp:term":[{"taxonomy":"category","embeddable":true,"href":"https:\/\/www.o-p-i.fr\/parlonsen\/wp-json\/wp\/v2\/categories?post=43242"},{"taxonomy":"post_tag","embeddable":true,"href":"https:\/\/www.o-p-i.fr\/parlonsen\/wp-json\/wp\/v2\/tags?post=43242"}],"curies":[{"name":"wp","href":"https:\/\/api.w.org\/{rel}","templated":true}]}}