{"id":43254,"date":"2019-08-07T13:49:57","date_gmt":"2019-08-07T12:49:57","guid":{"rendered":"\/parlonsen\/?p=43254"},"modified":"2019-08-12T16:02:09","modified_gmt":"2019-08-12T15:02:09","slug":"cinemonclar-le-programme-du-vendredi-16-aout-au-mardi-24-septembre-2019-a-monclar-de-quercy","status":"publish","type":"post","link":"https:\/\/www.o-p-i.fr\/parlonsen\/localisation\/au-pays-des-tescous\/monclar\/cinemonclar-le-programme-du-vendredi-16-aout-au-mardi-24-septembre-2019-a-monclar-de-quercy\/","title":{"rendered":"Cin\u00e9Monclar, le programme du vendredi 16 ao\u00fbt au mardi 24 septembre 2019 ..\u00e0 Monclar de Quercy"},"content":{"rendered":"<div><span style=\"font-size: small;\">Cin\u00e9Monclar vous propose:<\/span><\/div>\r\n<p><!--more--><\/p>\r\n<div><span style=\"font-size: small;\">Vendredi 16 ao\u00fbt \u00e0 21h<\/span><\/div>\r\n<div><span style=\"font-size: small;\"><strong>LE COUP DU SI\u00c8CLE<\/strong><a href=\"http:\/\/www.allocine.fr\/video\/player_gen_cmedia=19584495&amp;cfilm=249381.html\" target=\"_blank\" rel=\"noopener noreferrer\">\u00a0 \u00a0<em>Pour voir la <\/em><em>bande<\/em><em> annonce, cliquez<br \/><br \/><\/em><\/a><\/span><\/div>\r\n<div><span style=\"font-size: small;\">Dimanche 18 ao\u00fbt \u00e0 17h <\/span><\/div>\r\n<div><span style=\"font-size: small;\"><strong>LE ROI LION<\/strong>\u00a0 \u00a0<a href=\"http:\/\/www.allocine.fr\/video\/player_gen_cmedia=19583444&amp;cfilm=250594.html\" target=\"_blank\" rel=\"noopener noreferrer\"><em>Pour voir la <\/em><em>bande<\/em><em> annonce, cliquez<\/em><\/a><\/span><\/div>\r\n<div><span style=\"font-size: small;\">\u00a0<\/span><\/div>\r\n<div><span style=\"font-size: small;\">Mardi 20 ao\u00fbt \u00e0 21h<\/span><\/div>\r\n<div><span style=\"font-size: small;\"><strong>L\u2019\u0152UVRE SANS AUTEUR<\/strong> (VO)\u00a0 \u00a0<a href=\"http:\/\/www.allocine.fr\/video\/player_gen_cmedia=19583487&amp;cfilm=243642.html\" target=\"_blank\" rel=\"noopener noreferrer\"><em>Pour voir la <\/em><em>bande<\/em><em> annonce, cliquez<\/em><\/a><\/span><\/div>\r\n<div><span style=\"font-size: small;\">\u00a0<\/span><\/div>\r\n<div><span style=\"font-size: small;\">Vendredi 23 ao\u00fbt \u00e0 21h<\/span><\/div>\r\n<div><span style=\"font-size: small;\"><strong>CRAWL\u00a0<\/strong> \u00a0<a href=\"http:\/\/www.allocine.fr\/video\/player_gen_cmedia=19583725&amp;cfilm=264465.html\" target=\"_blank\" rel=\"noopener noreferrer\"><em>Pour voir la <\/em><em>bande<\/em><em> annonce, cliquez<\/em><\/a><\/span><\/div>\r\n<div><span style=\"font-size: small;\">\u00a0<\/span><\/div>\r\n<div><span style=\"font-size: small;\">Dimanche 25 ao\u00fbt \u00e0 17h<\/span><\/div>\r\n<div><span style=\"font-size: small;\"><strong>WONDERLAND, LE ROYAUME SANS PLUIE<\/strong>\u00a0 <a href=\"http:\/\/www.allocine.fr\/video\/player_gen_cmedia=19584291&amp;cfilm=273484.html\" target=\"_blank\" rel=\"noopener noreferrer\">\u00a0<em>Pour voir la <\/em><em>bande<\/em><em> annonce, cliquez<\/em><\/a> <\/span><\/div>\r\n<div><span style=\"font-size: small;\">\u00a0<\/span><\/div>\r\n<div><span style=\"font-size: small;\">Mardi 27 ao\u00fbt \u00e0 21h<\/span><\/div>\r\n<div><span style=\"font-size: small;\"><strong>LES TEMPS MODERNES<\/strong> (VO)\u00a0 <a href=\"http:\/\/www.allocine.fr\/video\/player_gen_cmedia=19583567&amp;cfilm=1832.html\">\u00a0<em>Pour voir la <\/em><em>bande<\/em><em> annonce, cliquez<\/em><\/a> <\/span><\/div>\r\n<div><a href=\"http:\/\/www.allocine.fr\/video\/player_gen_cmedia=19583567&amp;cfilm=1832.html\"><span style=\"font-size: small;\">\u00a0<\/span><\/a><\/div>\r\n<div><a href=\"http:\/\/www.allocine.fr\/video\/player_gen_cmedia=19583567&amp;cfilm=1832.html\"><span style=\"font-size: small;\">Vendredi 30 ao\u00fbt \u00e0 21h<\/span><\/a><\/div>\r\n<div><span style=\"font-size: small;\"><strong>LA SOURCE<\/strong>\u00a0 \u00a0<a href=\"http:\/\/www.allocine.fr\/video\/player_gen_cmedia=19584475&amp;cfilm=268405.html\" target=\"_blank\" rel=\"noopener noreferrer\"><em>Pour voir la <\/em><em>bande<\/em><em> annonce, cliquez<\/em><\/a><\/span><\/div>\r\n<div><span style=\"font-size: small;\">\u00a0<\/span><\/div>\r\n<div><span style=\"font-size: small;\">Dimanche 1 septembre \u00e0 17h <\/span><\/div>\r\n<div><span style=\"font-size: small;\"><strong>COMME DES B\u00caTES 2\u00a0 \u00a0<\/strong><a href=\"http:\/\/www.allocine.fr\/video\/player_gen_cmedia=19583844&amp;cfilm=249277.html\" target=\"_blank\" rel=\"noopener noreferrer\"><em>Pour voir la <\/em><em>bande<\/em><em> annonce, cliquez<\/em><\/a> <\/span><\/div>\r\n<div><span style=\"font-size: small;\">\u00a0<\/span><\/div>\r\n<div><span style=\"font-size: small;\">Mardi 3 septembre \u00e0 21h<\/span><\/div>\r\n<div><span style=\"font-size: small;\"><strong>THE OPERATIVE<\/strong> (VO)\u00a0<a href=\"http:\/\/www.allocine.fr\/video\/player_gen_cmedia=19583747&amp;cfilm=262566.html\" target=\"_blank\" rel=\"noopener noreferrer\"> \u00a0<em>Pour voir la <\/em><em>bande<\/em><em> annonce, cliquez<\/em><\/a><\/span><\/div>\r\n<div><span style=\"font-size: small;\">\u00a0<\/span><\/div>\r\n<div><span style=\"font-size: small;\">Vendredi 6 sepembre \u00e0 21h<\/span><\/div>\r\n<div><span style=\"font-size: small;\"><strong>C&rsquo;EST QUOI CETTE MAMIE?!<\/strong>\u00a0 \u00a0<a href=\"http:\/\/www.allocine.fr\/video\/player_gen_cmedia=19584062&amp;cfilm=267950.html\" target=\"_blank\" rel=\"noopener noreferrer\"><em>Pour voir la <\/em><em>bande<\/em><em> annonce, cliquez<\/em><\/a><\/span><\/div>\r\n<div><span style=\"font-size: small;\">\u00a0<\/span><\/div>\r\n<div><span style=\"font-size: small;\">Dimanche 8 septembre \u00e0 17h<\/span><\/div>\r\n<div><span style=\"font-size: small;\"><strong>PLAYMOBIL, LE FILM\u00a0<\/strong> \u00a0<a href=\"http:\/\/www.allocine.fr\/video\/player_gen_cmedia=19583703&amp;cfilm=232949.html\" target=\"_blank\" rel=\"noopener noreferrer\"><em>Pour voir la <\/em><em>bande<\/em><em> annonce, cliquez<\/em><\/a> <\/span><\/div>\r\n<div><span style=\"font-size: small;\">\u00a0<\/span><\/div>\r\n<div><span style=\"font-size: small;\">Mardi 10 septembre \u00e0 21h <\/span><\/div>\r\n<div><span style=\"font-size: small;\"><strong>UNE GRANDE FILLE<\/strong> (VO)\u00a0 \u00a0<a href=\"http:\/\/www.allocine.fr\/video\/player_gen_cmedia=19584088&amp;cfilm=271949.html\" target=\"_blank\" rel=\"noopener noreferrer\"><em>Pour voir la <\/em><em>bande<\/em><em> annonce, cliquez<\/em><\/a><\/span><\/div>\r\n<div><span style=\"font-size: small;\">\u00a0<\/span><\/div>\r\n<div><span style=\"font-size: small;\">Vendredi 13 septembre \u00e0 21h <\/span><\/div>\r\n<div><span style=\"font-size: small;\"><strong>FAST &amp; FURIOUS: HOBBS &amp; SHAW<\/strong> \u00a0 \u00a0<a href=\"http:\/\/www.allocine.fr\/video\/player_gen_cmedia=19584756&amp;cfilm=219944.html\" target=\"_blank\" rel=\"noopener noreferrer\"><em>Pour voir la <\/em><em>bande<\/em><em> annonce, cliquez<\/em><\/a> <\/span><\/div>\r\n<div><span style=\"font-size: small;\">\u00a0<\/span><\/div>\r\n<div><span style=\"font-size: small;\">Dimanche 15 septembre \u00e0 17h<\/span><\/div>\r\n<div><span style=\"font-size: small;\"><strong>LE MYST\u00c8RE DES PINGOUINS<\/strong>\u00a0 <a href=\"http:\/\/www.allocine.fr\/video\/player_gen_cmedia=19584926&amp;cfilm=265663.html\" target=\"_blank\" rel=\"noopener noreferrer\">\u00a0<em>Pour voir la <\/em><em>bande<\/em><em> annonce, cliquez<\/em><\/a><\/span><\/div>\r\n<div><span style=\"font-size: small;\">\u00a0<\/span><\/div>\r\n<div><span style=\"font-size: small;\">Mardi 17 septembre \u00e0 21h<\/span><\/div>\r\n<div><span style=\"font-size: small;\"><strong>ONCE UPON A TIME IN HOLLYWOOD<\/strong> (VO)\u00a0 \u00a0 \u00a0<a href=\"http:\/\/www.allocine.fr\/video\/player_gen_cmedia=19585092&amp;cfilm=257482.html\" target=\"_blank\" rel=\"noopener noreferrer\"><em>Pour voir la <\/em><em>bande<\/em><em> annonce, cliquez<\/em><\/a> <\/span><\/div>\r\n<div><span style=\"font-size: small;\">\u00a0<\/span><\/div>\r\n<div><span style=\"font-size: small;\">Vendredi 20 septembre \u00e0 21h<\/span><\/div>\r\n<div><span style=\"font-size: small;\"><strong>LES BARONNES<\/strong>\u00a0 \u00a0<a href=\"http:\/\/www.allocine.fr\/video\/player_gen_cmedia=19584087&amp;cfilm=248579.html\" target=\"_blank\" rel=\"noopener noreferrer\"><em>Pour voir la <\/em><em>bande<\/em><em> annonce, cliquez<\/em><\/a><\/span><\/div>\r\n<div><span style=\"font-size: small;\">\u00a0<\/span><\/div>\r\n<div><span style=\"font-size: small;\">Dimanche 22 septembre \u00e0 17h<\/span><\/div>\r\n<div><span style=\"font-size: small;\"><strong>MA FAMILLE ET LE LOUP<\/strong>\u00a0 \u00a0<a href=\"http:\/\/www.allocine.fr\/video\/player_gen_cmedia=19583380&amp;cfilm=268225.html\" target=\"_blank\" rel=\"noopener noreferrer\"><em>Pour voir la <\/em><em>bande<\/em><em> annonce, cliquez<\/em><\/a><\/span><\/div>\r\n<div><span style=\"font-size: small;\">\u00a0<\/span><\/div>\r\n<div><span style=\"font-size: small;\">Mardi 24 septembre \u00e0 21h<\/span><\/div>\r\n<div><span style=\"font-size: small;\"><strong>SO LONG, MY SON<\/strong> (VO)\u00a0 <a href=\"http:\/\/www.allocine.fr\/video\/player_gen_cmedia=19584242&amp;cfilm=270944.html\" target=\"_blank\" rel=\"noopener noreferrer\">\u00a0<em>Pour voir la <\/em><em>bande<\/em><em> annonce, cliquez<\/em><\/a><\/span><\/div>\r\n<div>\u00a0<\/div>\r\n<div>Le programme illustr\u00e9, Num\u00e9rique 79, en cliquant:<strong><a href=\"https:\/\/www.o-p-i.fr\/parlonsen\/wp-content\/uploads\/Num\u00e9rique-79.pdf\">Num\u00e9rique 79<\/a><\/strong><\/div>\r\n<div><!-- \/wp:post-content -->\r\n\r\n<!-- wp:paragraph --><em>Information communiqu\u00e9e par Jacques TREPAGNY<\/em><\/div>\r\n<div><!-- \/wp:paragraph -->\r\n\r\n<!-- wp:paragraph --><a href=\"https:\/\/www.o-p-i.fr\/parlonsen\/agenda\/\">Retrouvez tous les \u00e9v\u00e9nements dans l&rsquo;agenda !<\/a><\/div>","protected":false},"excerpt":{"rendered":"<div class=\"mh-excerpt\">Cin\u00e9Monclar vous propose:<\/div>\n","protected":false},"author":4,"featured_media":0,"comment_status":"open","ping_status":"open","sticky":false,"template":"","format":"standard","meta":{"om_disable_all_campaigns":false,"advanced_seo_description":"","jetpack_seo_html_title":"","jetpack_seo_noindex":false,"_jetpack_memberships_contains_paid_content":false,"footnotes":"","_links_to":"","_links_to_target":""},"categories":[16,54,3697,3706],"tags":[92,143,1768,1833,2998,3057],"class_list":{"0":"post-43254","1":"post","2":"type-post","3":"status-publish","4":"format-standard","6":"category-monclar","7":"category-loisirs","8":"category-n-161-aout-2019","9":"category-n-162-septembre-2019","10":"tag-cine","11":"tag-monclar-de-quercy","12":"tag-cinemonclar","13":"tag-programme-cinema","14":"tag-cine-monclar","15":"tag-bandes-annonces"},"jetpack_featured_media_url":"","views":{"total":0,"cached_at":"","cached_date":1738474561},"jetpack_likes_enabled":true,"jetpack_sharing_enabled":true,"jetpack_shortlink":"https:\/\/wp.me\/pg7Wxj-bfE","jetpack-related-posts":[],"_links":{"self":[{"href":"https:\/\/www.o-p-i.fr\/parlonsen\/wp-json\/wp\/v2\/posts\/43254","targetHints":{"allow":["GET"]}}],"collection":[{"href":"https:\/\/www.o-p-i.fr\/parlonsen\/wp-json\/wp\/v2\/posts"}],"about":[{"href":"https:\/\/www.o-p-i.fr\/parlonsen\/wp-json\/wp\/v2\/types\/post"}],"author":[{"embeddable":true,"href":"https:\/\/www.o-p-i.fr\/parlonsen\/wp-json\/wp\/v2\/users\/4"}],"replies":[{"embeddable":true,"href":"https:\/\/www.o-p-i.fr\/parlonsen\/wp-json\/wp\/v2\/comments?post=43254"}],"version-history":[{"count":0,"href":"https:\/\/www.o-p-i.fr\/parlonsen\/wp-json\/wp\/v2\/posts\/43254\/revisions"}],"wp:attachment":[{"href":"https:\/\/www.o-p-i.fr\/parlonsen\/wp-json\/wp\/v2\/media?parent=43254"}],"wp:term":[{"taxonomy":"category","embeddable":true,"href":"https:\/\/www.o-p-i.fr\/parlonsen\/wp-json\/wp\/v2\/categories?post=43254"},{"taxonomy":"post_tag","embeddable":true,"href":"https:\/\/www.o-p-i.fr\/parlonsen\/wp-json\/wp\/v2\/tags?post=43254"}],"curies":[{"name":"wp","href":"https:\/\/api.w.org\/{rel}","templated":true}]}}