{"id":43284,"date":"2019-08-08T22:47:34","date_gmt":"2019-08-08T21:47:34","guid":{"rendered":"\/parlonsen\/?p=43284"},"modified":"2025-11-12T00:39:49","modified_gmt":"2025-11-11T23:39:49","slug":"fetes-de-bioule-2019-82","status":"publish","type":"post","link":"https:\/\/www.o-p-i.fr\/parlonsen\/localisation\/a-cote-de-chez-nous\/bioule\/fetes-de-bioule-2019-82\/","title":{"rendered":"F\u00eates de Bioule 2019 (82)"},"content":{"rendered":"<p><strong>Vendredi 16, samedi 17 et dimanche 18 Ao\u00fbt 2019.<\/strong><!--more-->Bioule va vivre au rythme de ses f\u00eates gratuites avec son programme tr\u00e8s vari\u00e9 et pour toutes les g\u00e9n\u00e9rations, concours de p\u00e9tanque, braderie sport et loisirs et surtout des soir\u00e9es dansantes avec ap\u00e9ritif concert et anim\u00e9es par 3 groupes offrant des styles diff\u00e9rents, bodega, disco et musette \u2013 vari\u00e9t\u00e9s. Voici le programme :<\/p>\n<ul>\n<li><strong>VENDREDI 16<\/strong>\n<ul>\n<li>Tournoi de Boules Lyonnaises organis\u00e9 par le Sport Boules Caussadais Rens : 06.68.01.45.41<\/li>\n<li>A partir de 19h : Soir\u00e9e Bodega Tapas avec DJ Bamby<\/li>\n<\/ul>\n<\/li>\n<li><strong>SAMEDI 17<\/strong> \u00e0 partir de 19 h &#8211; REPAS DANSANT anim\u00e9 par LE CLUB 31<br \/>\nInnovation cette ann\u00e9e, les ann\u00e9es 1900-2000 \u00e0 l\u2019honneur, agr\u00e9ment\u00e9 d\u2019un repas campagnard afin d\u2019aiguiser vos papilles, un jambon \u00e0 la broche cuit au feu de bois, un d\u00e9lice !!! Venez nombreux le d\u00e9guster. Persuad\u00e9s de votre compr\u00e9hension et pour une bonne organisation, veuillez r\u00e9server votre repas d\u00e8s aujourd\u2019hui.<\/li>\n<li><strong><img data-recalc-dims=\"1\" loading=\"lazy\" decoding=\"async\" class=\"alignright size-full wp-image-43285\" src=\"https:\/\/i0.wp.com\/www.o-p-i.fr\/parlonsen\/wp-content\/uploads\/Legay.jpg?resize=340%2C340&#038;ssl=1\" alt=\"\" width=\"340\" height=\"340\" srcset=\"https:\/\/i0.wp.com\/www.o-p-i.fr\/parlonsen\/wp-content\/uploads\/Legay.jpg?w=340&amp;ssl=1 340w, https:\/\/i0.wp.com\/www.o-p-i.fr\/parlonsen\/wp-content\/uploads\/Legay.jpg?resize=150%2C150&amp;ssl=1 150w, https:\/\/i0.wp.com\/www.o-p-i.fr\/parlonsen\/wp-content\/uploads\/Legay.jpg?resize=300%2C300&amp;ssl=1 300w\" sizes=\"auto, (max-width: 340px) 100vw, 340px\" \/>DIMANCHE 18<\/strong>\n<ul>\n<li>9 h BRADERiE SPORT ET LOISIRS<\/li>\n<li>14 h CONCOURS de PETANQUE<\/li>\n<li>19 h APERITIF GOURMAND (charcuterie etc\u2026)<\/li>\n<li>21 h BAL MUSETTE avec l\u2019ORCHESTRE NATHALIE LEGAY et ses 5 musiciens qui vous interpr\u00e9tera un r\u00e9pertoire aussi vaste qu\u2019\u00e9clectique de musiques \u00e0 danser de vari\u00e9t\u00e9 fran\u00e7aise et \u00e9trang\u00e8re survolant ainsi les standards des soir\u00e9es musettes jusqu\u2019au groove des musiques actuelles., vous pourrez l\u2019appr\u00e9cier dans tous les styles, de la bourr\u00e9e \u00e0 la valse.<\/li>\n<\/ul>\n<\/li>\n<\/ul>\n<p>Diff\u00e9rents stands animeront ces 3 jours de festivit\u00e9s, p\u00eaches aux canards, glaces, cr\u00eapes. etc<\/p>\n<p>Ils sont une bonne vingtaine au sein du Comit\u00e9 des F\u00eates qui ne m\u00e9nagent ni leur peine, ni leur temps depuis plusieurs jours afin que la tradition perdure.<\/p>\n<p>Les groupes de travail ont \u00e9t\u00e9 constitu\u00e9s afin que tout soit fin pr\u00eat et synchronis\u00e9 le jour J, l\u2019accueil, le parking, la restauration, la buvette, et la technique.<\/p>\n<p>Le Comit\u00e9 de F\u00eates adresse ses remerciements pour leur concours financier, leur participation et leur collaboration lors des festivit\u00e9s aux Bioulais, \u00e0 Monsieur le Maire et son conseil municipal<\/p>\n<p>Ambiance assur\u00e9e \u2013 Venez nombreux.<\/p>\n<p><strong>Pour tout renseignement et r\u00e9servations des repas : &#8211; 06 16 19 55 48 ou 06 89 14 43 79<\/strong><\/p>\n<p><em>Information communiqu\u00e9e par Robert LINAS<\/em><\/p>\n<p><a href=\"https:\/\/www.o-p-i.fr\/parlonsen\/agenda\/\">Retrouvez tous les \u00e9v\u00e9nements dans l&rsquo;agenda !<\/a><\/p>\n","protected":false},"excerpt":{"rendered":"<div class=\"mh-excerpt\">Vendredi 16, samedi 17 et dimanche 18 Ao\u00fbt 2019.<\/div>\n","protected":false},"author":4,"featured_media":0,"comment_status":"open","ping_status":"open","sticky":false,"template":"","format":"standard","meta":{"om_disable_all_campaigns":false,"advanced_seo_description":"","jetpack_seo_html_title":"","jetpack_seo_noindex":false,"_jetpack_memberships_contains_paid_content":false,"footnotes":"","_links_to":"","_links_to_target":""},"categories":[40,54,3697],"tags":[157,1736,1763,2841,2874,3725],"class_list":{"0":"post-43284","1":"post","2":"type-post","3":"status-publish","4":"format-standard","6":"category-bioule","7":"category-loisirs","8":"category-n-161-aout-2019","9":"tag-repas","10":"tag-concours-de-petanque","11":"tag-bal-musette","12":"tag-fete-locale","13":"tag-tapas","14":"tag-boules-lyonnaises"},"jetpack_featured_media_url":"","views":{"total":0,"cached_at":"","cached_date":1738466754},"jetpack_likes_enabled":true,"jetpack_sharing_enabled":true,"jetpack_shortlink":"https:\/\/wp.me\/pg7Wxj-bg8","jetpack-related-posts":[],"_links":{"self":[{"href":"https:\/\/www.o-p-i.fr\/parlonsen\/wp-json\/wp\/v2\/posts\/43284","targetHints":{"allow":["GET"]}}],"collection":[{"href":"https:\/\/www.o-p-i.fr\/parlonsen\/wp-json\/wp\/v2\/posts"}],"about":[{"href":"https:\/\/www.o-p-i.fr\/parlonsen\/wp-json\/wp\/v2\/types\/post"}],"author":[{"embeddable":true,"href":"https:\/\/www.o-p-i.fr\/parlonsen\/wp-json\/wp\/v2\/users\/4"}],"replies":[{"embeddable":true,"href":"https:\/\/www.o-p-i.fr\/parlonsen\/wp-json\/wp\/v2\/comments?post=43284"}],"version-history":[{"count":1,"href":"https:\/\/www.o-p-i.fr\/parlonsen\/wp-json\/wp\/v2\/posts\/43284\/revisions"}],"predecessor-version":[{"id":67511,"href":"https:\/\/www.o-p-i.fr\/parlonsen\/wp-json\/wp\/v2\/posts\/43284\/revisions\/67511"}],"wp:attachment":[{"href":"https:\/\/www.o-p-i.fr\/parlonsen\/wp-json\/wp\/v2\/media?parent=43284"}],"wp:term":[{"taxonomy":"category","embeddable":true,"href":"https:\/\/www.o-p-i.fr\/parlonsen\/wp-json\/wp\/v2\/categories?post=43284"},{"taxonomy":"post_tag","embeddable":true,"href":"https:\/\/www.o-p-i.fr\/parlonsen\/wp-json\/wp\/v2\/tags?post=43284"}],"curies":[{"name":"wp","href":"https:\/\/api.w.org\/{rel}","templated":true}]}}