{"id":43354,"date":"2019-08-21T13:39:52","date_gmt":"2019-08-21T12:39:52","guid":{"rendered":"\/parlonsen\/?p=43354"},"modified":"2019-08-21T13:39:52","modified_gmt":"2019-08-21T12:39:52","slug":"duo-manou-jazz-a-lisle-sur-tarn-81","status":"publish","type":"post","link":"https:\/\/www.o-p-i.fr\/parlonsen\/parlons-en\/culture\/duo-manou-jazz-a-lisle-sur-tarn-81\/","title":{"rendered":"Duo Manou Jazz &#8230; \u00e0 Lisle sur Tarn (81)"},"content":{"rendered":"<p><strong>Dimanche 25 Ao\u00fbt 2019<\/strong>, 17h.30 au Mus\u00e9e Raymond Lafage<!--more--><img data-recalc-dims=\"1\" loading=\"lazy\" decoding=\"async\" class=\"alignright size-full wp-image-43355\" src=\"https:\/\/i0.wp.com\/www.o-p-i.fr\/parlonsen\/wp-content\/uploads\/duo-manou.jpg?resize=340%2C251&#038;ssl=1\" alt=\"\" width=\"340\" height=\"251\" srcset=\"https:\/\/i0.wp.com\/www.o-p-i.fr\/parlonsen\/wp-content\/uploads\/duo-manou.jpg?w=340&amp;ssl=1 340w, https:\/\/i0.wp.com\/www.o-p-i.fr\/parlonsen\/wp-content\/uploads\/duo-manou.jpg?resize=300%2C221&amp;ssl=1 300w, https:\/\/i0.wp.com\/www.o-p-i.fr\/parlonsen\/wp-content\/uploads\/duo-manou.jpg?resize=150%2C111&amp;ssl=1 150w\" sizes=\"auto, (max-width: 340px) 100vw, 340px\" \/>Dans le cadre de ses animations li\u00e9es \u00e0 la fabuleuse exposition temporaire d\u00e9di\u00e9e \u00e0 Honor\u00e9 Daumier, le Mus\u00e9e Raymond Lafage vous propose de d\u00e9couvrir le Duo Manou Jazz :<\/p>\n<p>Le Duo Manou Jazz fera des reprises de chansons de divers horizons, de Bob Dylan \u00e0 Camille, de Carlos Jobim \u00e0 Serge Gainsbourg, de Melody Gardot \u00e0 Pink Martini et tant d&rsquo;autres encore.<\/p>\n<p>Les couleurs varient entre la bossa nova, le swing, la pop, le reggae et le jazz manouche.<\/p>\n<p>Ce duo guitare et vois vous entra\u00eenera dans un monde musical haut en couleurs, intense, dynamique et joyeux !<\/p>\n<p>A la l&rsquo;issue de cette repr\u00e9sentation vous pourrez participer \u00e0 une d\u00e9gustation de vin propos\u00e9e par le Ch\u00e2teau de Saurs.<\/p>\n<p>Au plaisir de vous compter parmi nous afin de partager ce moment de convivialit\u00e9 !<br \/>\n<img data-recalc-dims=\"1\" loading=\"lazy\" decoding=\"async\" class=\"alignleft wp-image-35195 size-full\" src=\"https:\/\/i0.wp.com\/www.o-p-i.fr\/parlonsen\/wp-content\/uploads\/lafage-logo.jpg?resize=85%2C76&#038;ssl=1\" alt=\"\" width=\"85\" height=\"76\" \/>Mus\u00e9e Raymond Lafage<br \/>\n10, rue Victor Mazi\u00e8s &#8211; 81310 Lisle-sur-Tarn<br \/>\nmusee.lislesurtarn@wanadoo.fr<br \/>\n05 63 40 45 45<\/p>\n<p>Information communiqu\u00e9e par Aurore<\/p>\n<p><a href=\"https:\/\/www.o-p-i.fr\/parlonsen\/agenda\/\">Retrouvez tous les \u00e9v\u00e9nements dans l&rsquo;agenda !<\/a><\/p>\n","protected":false},"excerpt":{"rendered":"<div class=\"mh-excerpt\">Dimanche 25 Ao\u00fbt 2019, 17h.30 au Mus\u00e9e Raymond Lafage<\/div>\n","protected":false},"author":4,"featured_media":0,"comment_status":"open","ping_status":"open","sticky":false,"template":"","format":"standard","meta":{"om_disable_all_campaigns":false,"advanced_seo_description":"","jetpack_seo_html_title":"","jetpack_seo_noindex":false,"_jetpack_memberships_contains_paid_content":false,"footnotes":"","_links_to":"","_links_to_target":""},"categories":[42,1,54,3697],"tags":[43,77,78,1826,1830,3737,3738],"class_list":{"0":"post-43354","1":"post","2":"type-post","3":"status-publish","4":"format-standard","6":"category-a-cote-de-chez-nous","7":"category-culture","8":"category-loisirs","9":"category-n-161-aout-2019","10":"tag-concert","11":"tag-lisle-sur-tarn","12":"tag-musee-raymond-lafage","13":"tag-swing","14":"tag-degustation-de-vins","15":"tag-bossa-nova","16":"tag-jazz-manouche"},"jetpack_featured_media_url":"","views":{"total":0,"cached_at":"","cached_date":1738276613},"jetpack_likes_enabled":true,"jetpack_sharing_enabled":true,"jetpack_shortlink":"https:\/\/wp.me\/pg7Wxj-bhg","jetpack-related-posts":[],"_links":{"self":[{"href":"https:\/\/www.o-p-i.fr\/parlonsen\/wp-json\/wp\/v2\/posts\/43354","targetHints":{"allow":["GET"]}}],"collection":[{"href":"https:\/\/www.o-p-i.fr\/parlonsen\/wp-json\/wp\/v2\/posts"}],"about":[{"href":"https:\/\/www.o-p-i.fr\/parlonsen\/wp-json\/wp\/v2\/types\/post"}],"author":[{"embeddable":true,"href":"https:\/\/www.o-p-i.fr\/parlonsen\/wp-json\/wp\/v2\/users\/4"}],"replies":[{"embeddable":true,"href":"https:\/\/www.o-p-i.fr\/parlonsen\/wp-json\/wp\/v2\/comments?post=43354"}],"version-history":[{"count":0,"href":"https:\/\/www.o-p-i.fr\/parlonsen\/wp-json\/wp\/v2\/posts\/43354\/revisions"}],"wp:attachment":[{"href":"https:\/\/www.o-p-i.fr\/parlonsen\/wp-json\/wp\/v2\/media?parent=43354"}],"wp:term":[{"taxonomy":"category","embeddable":true,"href":"https:\/\/www.o-p-i.fr\/parlonsen\/wp-json\/wp\/v2\/categories?post=43354"},{"taxonomy":"post_tag","embeddable":true,"href":"https:\/\/www.o-p-i.fr\/parlonsen\/wp-json\/wp\/v2\/tags?post=43354"}],"curies":[{"name":"wp","href":"https:\/\/api.w.org\/{rel}","templated":true}]}}