{"id":43389,"date":"2019-08-23T13:26:48","date_gmt":"2019-08-23T12:26:48","guid":{"rendered":"\/parlonsen\/?p=43389"},"modified":"2019-08-24T19:42:37","modified_gmt":"2019-08-24T18:42:37","slug":"soiree-fin-dete-a-salvagnac-81","status":"publish","type":"post","link":"https:\/\/www.o-p-i.fr\/parlonsen\/localisation\/au-pays-des-tescous\/salvagnac\/soiree-fin-dete-a-salvagnac-81\/","title":{"rendered":"Soir\u00e9e \u00ab\u00a0Fin d&rsquo;\u00e9t\u00e9\u00a0\u00bb&#8230; \u00e0 Salvagnac (81)"},"content":{"rendered":"<p><strong>Vendredi 30 ao\u00fbt 2019<\/strong>, jardin du couvent, \u00e0 20h.30. <!--more--> <img data-recalc-dims=\"1\" loading=\"lazy\" decoding=\"async\" class=\"alignright size-full wp-image-43390\" src=\"https:\/\/i0.wp.com\/www.o-p-i.fr\/parlonsen\/wp-content\/uploads\/Quizz-3.jpg?resize=207%2C175&#038;ssl=1\" alt=\"\" width=\"207\" height=\"175\" srcset=\"https:\/\/i0.wp.com\/www.o-p-i.fr\/parlonsen\/wp-content\/uploads\/Quizz-3.jpg?w=207&amp;ssl=1 207w, https:\/\/i0.wp.com\/www.o-p-i.fr\/parlonsen\/wp-content\/uploads\/Quizz-3.jpg?resize=150%2C127&amp;ssl=1 150w\" sizes=\"auto, (max-width: 207px) 100vw, 207px\" \/>L&rsquo;Association Culturelle du Pays Salvagnacois, dont la Biblioth\u00e8que fait partie, organise une soir\u00e9e \u00a0\u00bb fin d&rsquo;\u00e9t\u00e9\u00a0\u00bb !<\/p>\n<p>Nous vous invitons\u00a0 \u00e0 participer \u00e0 un QUIZZ ?<\/p>\n<p>\u00ab\u00a0Ques aquo\u00a0\u00bb nous direz-vous ?<\/p>\n<p>C&rsquo;est tout simplement un jeu de questions-r\u00e9ponses, sur des th\u00e8mes divers ! Nous avons concoct\u00e9 pour vous des questions amusantes, de culture g\u00e9n\u00e9rale, qui permettent de passer un agr\u00e9able moment, en famille ! Et c&rsquo;est gratuit !<\/p>\n<p>Venez donc nous rejoindre, avec un dessert (si vous voulez), nous offrons les boissons !<br \/>\nRendez-vous au jardin du Couvent \u00e0 Salvagnac, en toute convivialit\u00e9, sous la lune nouvelle ! Repli sous la halle de la Mairie en cas (fort peu probable !) de mauvais temps !<\/p>\n<p><em>Information communiqu\u00e9e par Arlette MALLERET<\/em><\/p>\n<p><a href=\"https:\/\/www.o-p-i.fr\/parlonsen\/agenda\/\">Retrouvez tous les \u00e9v\u00e9nements dans l&rsquo;agenda !<\/a><\/p>\n","protected":false},"excerpt":{"rendered":"<div class=\"mh-excerpt\">Vendredi 30 ao\u00fbt 2019, jardin du couvent, \u00e0 20h.30.<\/div>\n","protected":false},"author":4,"featured_media":0,"comment_status":"open","ping_status":"open","sticky":false,"template":"","format":"standard","meta":{"om_disable_all_campaigns":false,"advanced_seo_description":"","jetpack_seo_html_title":"","jetpack_seo_noindex":false,"_jetpack_memberships_contains_paid_content":false,"footnotes":"","_links_to":"","_links_to_target":""},"categories":[54,25,3697],"tags":[2548,490,795],"class_list":{"0":"post-43389","1":"post","2":"type-post","3":"status-publish","4":"format-standard","6":"category-loisirs","7":"category-salvagnac","8":"category-n-161-aout-2019","9":"tag-salvagnac","10":"tag-quizz","11":"tag-pays-salvagnacois"},"jetpack_featured_media_url":"","views":{"total":0,"cached_at":"","cached_date":1738509689},"jetpack_likes_enabled":true,"jetpack_sharing_enabled":true,"jetpack_shortlink":"https:\/\/wp.me\/pg7Wxj-bhP","jetpack-related-posts":[],"_links":{"self":[{"href":"https:\/\/www.o-p-i.fr\/parlonsen\/wp-json\/wp\/v2\/posts\/43389","targetHints":{"allow":["GET"]}}],"collection":[{"href":"https:\/\/www.o-p-i.fr\/parlonsen\/wp-json\/wp\/v2\/posts"}],"about":[{"href":"https:\/\/www.o-p-i.fr\/parlonsen\/wp-json\/wp\/v2\/types\/post"}],"author":[{"embeddable":true,"href":"https:\/\/www.o-p-i.fr\/parlonsen\/wp-json\/wp\/v2\/users\/4"}],"replies":[{"embeddable":true,"href":"https:\/\/www.o-p-i.fr\/parlonsen\/wp-json\/wp\/v2\/comments?post=43389"}],"version-history":[{"count":0,"href":"https:\/\/www.o-p-i.fr\/parlonsen\/wp-json\/wp\/v2\/posts\/43389\/revisions"}],"wp:attachment":[{"href":"https:\/\/www.o-p-i.fr\/parlonsen\/wp-json\/wp\/v2\/media?parent=43389"}],"wp:term":[{"taxonomy":"category","embeddable":true,"href":"https:\/\/www.o-p-i.fr\/parlonsen\/wp-json\/wp\/v2\/categories?post=43389"},{"taxonomy":"post_tag","embeddable":true,"href":"https:\/\/www.o-p-i.fr\/parlonsen\/wp-json\/wp\/v2\/tags?post=43389"}],"curies":[{"name":"wp","href":"https:\/\/api.w.org\/{rel}","templated":true}]}}