{"id":43423,"date":"2019-08-29T08:10:05","date_gmt":"2019-08-29T07:10:05","guid":{"rendered":"\/parlonsen\/?p=43423"},"modified":"2019-08-29T08:21:23","modified_gmt":"2019-08-29T07:21:23","slug":"referencer-mon-site-web-a-montauban-82","status":"publish","type":"post","link":"https:\/\/www.o-p-i.fr\/parlonsen\/parlons-en\/commerce\/referencer-mon-site-web-a-montauban-82\/","title":{"rendered":"\u00ab\u00a0R\u00e9f\u00e9rencer mon site WEB\u00a0\u00bb &#8230;\u00e0 Montauban (82)"},"content":{"rendered":"<p><strong>Lundi 16 septembre 2019<\/strong> de 9h \u00e0 12h \u00e0 la C.C.I.<!--more--><\/p>\n<p><a href=\"https:\/\/i0.wp.com\/www.o-p-i.fr\/aupays\/wp-content\/uploads\/caf%C3%A9-digital.jpg?ssl=1\"><img data-recalc-dims=\"1\" loading=\"lazy\" decoding=\"async\" class=\"alignright size-full wp-image-15841\" src=\"https:\/\/i0.wp.com\/www.o-p-i.fr\/aupays\/wp-content\/uploads\/caf%C3%A9-digital.jpg?resize=340%2C191&#038;ssl=1\" alt=\"\" width=\"340\" height=\"191\" \/><\/a>Avoir un site internet bien positionn\u00e9 dans les moteurs de recherche est fondamental pour \u00eatre visible et se faire conna\u00eetre.<br \/>\nD\u00e9couvrez comment am\u00e9liorer votre r\u00e9f\u00e9rencement naturel ! Atelier gratuit<\/p>\n<p>Echanges anim\u00e9s par Christophe PLASSARD, Couleur Pollen (agence de Communication \u00e0 Montauban) :<\/p>\n<ul>\n<li>Points cl\u00e9s du r\u00e9f\u00e9rencement naturel (structure du site, mots cl\u00e9s, balises Titre, balises Description, contenu r\u00e9dactionnel&#8230;).<\/li>\n<li>Pr\u00e9sentation et analyse d&rsquo;un audit de r\u00e9f\u00e9rencement d&rsquo;un site.<\/li>\n<li>Echanges et retours sur les bonnes pratiques du r\u00e9f\u00e9rencement<\/li>\n<\/ul>\n<p>B\u00e9n\u00e9ficiez d&rsquo;un audit du r\u00e9f\u00e9rencement de votre site web (gratuit, nombre d&rsquo;audit limit\u00e9 !)<br \/>\nPour cela, indiquez l&rsquo;adresse du site \u00e0 auditer lors de votre inscription.<br \/>\nLes r\u00e9sultats de cet audit vous seront communiqu\u00e9s lors du caf\u00e9 digital.<\/p>\n<p>Pour s&rsquo;inscrire,<a href=\"http:\/\/www.montauban.cci.fr\/ateliers-numeriques\" target=\"_blank\" rel=\"noopener noreferrer\"><strong> cliquez ici<\/strong><\/a><\/p>\n<p><strong>CONTACT:<\/strong><br \/>\nSt\u00e9phanie ROUMY<br \/>\n05.63.22.26.26<br \/>\nCourriel: <a href=\"mailto:s.roumy@montauban.cci.fr\" target=\"_blank\" rel=\"noopener noreferrer\">s.roumy@montauban.cci.fr<\/a><br \/>\nChambre de Commerce et d&rsquo;Industrie Montauban Tarn-et-Garonne<br \/>\n53\/61, avenue Gambetta &#8211; CS 80527 &#8211; 82065 MONTAUBAN Cedex<\/p>\n<p><em>Information communiqu\u00e9e par St\u00e9phanie ROUMY<\/em><\/p>\n<p><a href=\"https:\/\/www.o-p-i.fr\/parlonsen\/agenda\/\">Retrouvez tous les \u00e9v\u00e9nements dans l&rsquo;agenda !<\/a><\/p>\n","protected":false},"excerpt":{"rendered":"<div class=\"mh-excerpt\">Lundi 16 septembre 2019 de 9h \u00e0 12h \u00e0 la C.C.I.<\/div>\n","protected":false},"author":4,"featured_media":0,"comment_status":"open","ping_status":"open","sticky":false,"template":"","format":"standard","meta":{"om_disable_all_campaigns":false,"advanced_seo_description":"","jetpack_seo_html_title":"","jetpack_seo_noindex":false,"_jetpack_memberships_contains_paid_content":false,"footnotes":"","_links_to":"","_links_to_target":""},"categories":[4,42,725,6,3706],"tags":[1663,1722,3744],"class_list":{"0":"post-43423","1":"post","2":"type-post","3":"status-publish","4":"format-standard","6":"category-commerce","7":"category-a-cote-de-chez-nous","8":"category-formation-parlons-en","9":"category-pratique","10":"category-n-162-septembre-2019","11":"tag-cci-montauban","12":"tag-referencement-site-internet","13":"tag-cafe-digital"},"jetpack_featured_media_url":"","views":{"total":1,"cached_at":"","cached_date":1738508650},"jetpack_likes_enabled":true,"jetpack_sharing_enabled":true,"jetpack_shortlink":"https:\/\/wp.me\/pg7Wxj-bin","jetpack-related-posts":[],"_links":{"self":[{"href":"https:\/\/www.o-p-i.fr\/parlonsen\/wp-json\/wp\/v2\/posts\/43423","targetHints":{"allow":["GET"]}}],"collection":[{"href":"https:\/\/www.o-p-i.fr\/parlonsen\/wp-json\/wp\/v2\/posts"}],"about":[{"href":"https:\/\/www.o-p-i.fr\/parlonsen\/wp-json\/wp\/v2\/types\/post"}],"author":[{"embeddable":true,"href":"https:\/\/www.o-p-i.fr\/parlonsen\/wp-json\/wp\/v2\/users\/4"}],"replies":[{"embeddable":true,"href":"https:\/\/www.o-p-i.fr\/parlonsen\/wp-json\/wp\/v2\/comments?post=43423"}],"version-history":[{"count":0,"href":"https:\/\/www.o-p-i.fr\/parlonsen\/wp-json\/wp\/v2\/posts\/43423\/revisions"}],"wp:attachment":[{"href":"https:\/\/www.o-p-i.fr\/parlonsen\/wp-json\/wp\/v2\/media?parent=43423"}],"wp:term":[{"taxonomy":"category","embeddable":true,"href":"https:\/\/www.o-p-i.fr\/parlonsen\/wp-json\/wp\/v2\/categories?post=43423"},{"taxonomy":"post_tag","embeddable":true,"href":"https:\/\/www.o-p-i.fr\/parlonsen\/wp-json\/wp\/v2\/tags?post=43423"}],"curies":[{"name":"wp","href":"https:\/\/api.w.org\/{rel}","templated":true}]}}