{"id":43643,"date":"2019-09-20T12:13:28","date_gmt":"2019-09-20T11:13:28","guid":{"rendered":"https:\/\/www.o-p-i.fr\/parlonsen\/?p=43643"},"modified":"2019-09-20T19:23:01","modified_gmt":"2019-09-20T18:23:01","slug":"le-cuir-dans-la-peau-a-graulhet-81","status":"publish","type":"post","link":"https:\/\/www.o-p-i.fr\/parlonsen\/parlons-en\/commerce\/le-cuir-dans-la-peau-a-graulhet-81\/","title":{"rendered":"\u00ab\u00a0Le cuir dans la peau\u00a0\u00bb &#8230;\u00e0 Graulhet (81)"},"content":{"rendered":"<p><strong>Mercredi 23 et jeudi 24 octobre 2019<\/strong>; portes ouvertes des Ateliers du Cuir. <!--more--><img data-recalc-dims=\"1\" loading=\"lazy\" decoding=\"async\" class=\"alignright size-medium wp-image-43645\" src=\"https:\/\/i0.wp.com\/www.o-p-i.fr\/parlonsen\/wp-content\/uploads\/cuir.jpg?resize=271%2C300&#038;ssl=1\" alt=\"\" width=\"271\" height=\"300\" srcset=\"https:\/\/i0.wp.com\/www.o-p-i.fr\/parlonsen\/wp-content\/uploads\/cuir.jpg?resize=271%2C300&amp;ssl=1 271w, https:\/\/i0.wp.com\/www.o-p-i.fr\/parlonsen\/wp-content\/uploads\/cuir.jpg?resize=135%2C150&amp;ssl=1 135w, https:\/\/i0.wp.com\/www.o-p-i.fr\/parlonsen\/wp-content\/uploads\/cuir.jpg?w=340&amp;ssl=1 340w\" sizes=\"auto, (max-width: 271px) 100vw, 271px\" \/><\/p>\n<p>Nos entreprises ont du talent et nous n\u2019avons pas a en rougir. Saviez-vous que la ville de Graulhet accueille l\u2019ensemble de la fili\u00e8re cuir ? M\u00e9gisserie, maroquinerie, emporte-pi\u00e8ce, chimie des couleurs \u2026 tous les talents du cuir sont r\u00e9unis sur un rayon de quelques kilom\u00e8tres. Rassurez-vous ces entreprises n\u2019ont rien \u00e0 cacher. Bien au contraire, elles vous ouvrent leurs portes les 23 et 24 octobre 2019 ! Pendant deux jours, venez visiter les ateliers et d\u00e9couvrir ce savoir-faire d\u2019excellence reconnu dans le monde entier. Visitez \u00e9galement les projets qui ont permis de donner une seconde vie aux ancien b\u00e2timents industriels.<\/p>\n<p><strong><a href=\"https:\/\/www.tourisme-vignoble-bastides.com\/cuir-dans-la-peau\" target=\"_blank\" rel=\"noopener noreferrer\">Pour plus d&rsquo;info et r\u00e9servations, cliquez ici<\/a><\/strong><\/p>\n<p><em>Information communiqu\u00e9e par Marie-Zo\u00eb CAU<\/em><\/p>\n<p><a href=\"http:\/\/www.o-p-i.fr\/parlonsen\/agenda\/\">Retrouvez tous les \u00e9v\u00e9nements dans l&rsquo;agenda !<\/a><\/p>\n","protected":false},"excerpt":{"rendered":"<div class=\"mh-excerpt\">Mercredi 23 et jeudi 24 octobre 2019; portes ouvertes des Ateliers du Cuir.<\/div>\n","protected":false},"author":4,"featured_media":0,"comment_status":"open","ping_status":"open","sticky":false,"template":"","format":"standard","meta":{"om_disable_all_campaigns":false,"advanced_seo_description":"","jetpack_seo_html_title":"","jetpack_seo_noindex":false,"_jetpack_memberships_contains_paid_content":false,"footnotes":"","_links_to":"","_links_to_target":""},"categories":[52,51,4,42,6,3707],"tags":[420,484,1265],"class_list":{"0":"post-43643","1":"post","2":"type-post","3":"status-publish","4":"format-standard","6":"category-parlons-en","7":"category-artisanat","8":"category-commerce","9":"category-a-cote-de-chez-nous","10":"category-pratique","11":"category-n-163-octobre-2019","12":"tag-graulhet","13":"tag-portes-ouvertes","14":"tag-cuir"},"jetpack_featured_media_url":"","views":{"total":0,"cached_at":"","cached_date":1738512591},"jetpack_likes_enabled":true,"jetpack_sharing_enabled":true,"jetpack_shortlink":"https:\/\/wp.me\/pg7Wxj-blV","jetpack-related-posts":[],"_links":{"self":[{"href":"https:\/\/www.o-p-i.fr\/parlonsen\/wp-json\/wp\/v2\/posts\/43643","targetHints":{"allow":["GET"]}}],"collection":[{"href":"https:\/\/www.o-p-i.fr\/parlonsen\/wp-json\/wp\/v2\/posts"}],"about":[{"href":"https:\/\/www.o-p-i.fr\/parlonsen\/wp-json\/wp\/v2\/types\/post"}],"author":[{"embeddable":true,"href":"https:\/\/www.o-p-i.fr\/parlonsen\/wp-json\/wp\/v2\/users\/4"}],"replies":[{"embeddable":true,"href":"https:\/\/www.o-p-i.fr\/parlonsen\/wp-json\/wp\/v2\/comments?post=43643"}],"version-history":[{"count":0,"href":"https:\/\/www.o-p-i.fr\/parlonsen\/wp-json\/wp\/v2\/posts\/43643\/revisions"}],"wp:attachment":[{"href":"https:\/\/www.o-p-i.fr\/parlonsen\/wp-json\/wp\/v2\/media?parent=43643"}],"wp:term":[{"taxonomy":"category","embeddable":true,"href":"https:\/\/www.o-p-i.fr\/parlonsen\/wp-json\/wp\/v2\/categories?post=43643"},{"taxonomy":"post_tag","embeddable":true,"href":"https:\/\/www.o-p-i.fr\/parlonsen\/wp-json\/wp\/v2\/tags?post=43643"}],"curies":[{"name":"wp","href":"https:\/\/api.w.org\/{rel}","templated":true}]}}