{"id":43658,"date":"2019-09-26T10:34:35","date_gmt":"2019-09-26T09:34:35","guid":{"rendered":"https:\/\/www.o-p-i.fr\/parlonsen\/?p=43658"},"modified":"2019-09-26T10:34:35","modified_gmt":"2019-09-26T09:34:35","slug":"nous-voulons-des-coquelicots-a-salvagnac-81-2","status":"publish","type":"post","link":"https:\/\/www.o-p-i.fr\/parlonsen\/parlons-en\/agriculture\/nous-voulons-des-coquelicots-a-salvagnac-81-2\/","title":{"rendered":"\u00ab\u00a0Nous voulons des coquelicots\u00a0\u00bb&#8230; \u00e0 Salvagnac (81)"},"content":{"rendered":"<p><strong>Vendredi 4 octobre 2019<\/strong>, 18h.30, devant la mairie.<!--more--><img data-recalc-dims=\"1\" loading=\"lazy\" decoding=\"async\" class=\"alignright size-medium wp-image-43659\" src=\"https:\/\/i0.wp.com\/www.o-p-i.fr\/parlonsen\/wp-content\/uploads\/coquelicots-1.jpg?resize=300%2C176&#038;ssl=1\" alt=\"\" width=\"300\" height=\"176\" srcset=\"https:\/\/i0.wp.com\/www.o-p-i.fr\/parlonsen\/wp-content\/uploads\/coquelicots-1.jpg?resize=300%2C176&amp;ssl=1 300w, https:\/\/i0.wp.com\/www.o-p-i.fr\/parlonsen\/wp-content\/uploads\/coquelicots-1.jpg?resize=150%2C88&amp;ssl=1 150w, https:\/\/i0.wp.com\/www.o-p-i.fr\/parlonsen\/wp-content\/uploads\/coquelicots-1.jpg?w=325&amp;ssl=1 325w\" sizes=\"auto, (max-width: 300px) 100vw, 300px\" \/>Nous serons devant la Mairie de Salvagnac, le premier vendredi d&rsquo;octobre,le 4, comme tous les mois depuis mai 2019!<br \/>\nNotre rassemblement pacifique veut montrer notre opposition aux pesticides &#8211;<a href=\"https:\/\/reporterre.net\/Apres-le-glyphosate-les-pesticides-SDHI-nouveau-danger-sanitaire\" target=\"_blank\" rel=\"noopener noreferrer\">les derniers arriv\u00e9s sont les SDHI<\/a> : ils repr\u00e9sentent un danger inou\u00ef pour tous!<\/p>\n<p><em>Un collectif de scientifiques s&rsquo;inqui\u00e8te des risques de ces fongicides sur la sant\u00e9 des organismes vivants, dont les humains. &#8230; Les fongicides\u00a0<b>SDHI<\/b>\u00a0visent \u00e0 d\u00e9truire les champignons et les moisissures qui se d\u00e9veloppent dans les cultures en bloquant leur respiration<\/em><\/p>\n<p>Nous partagerons les derni\u00e8res nouvelles du mouvement <strong><a href=\"https:\/\/nousvoulonsdescoquelicots.org\/\" target=\"_blank\" rel=\"noopener noreferrer\">\u00ab\u00a0Nous voulons des coquelicots\u00a0\u00bb<\/a><\/strong>.<\/p>\n<p><strong> Pour y aller:<\/strong><br \/>\nmairie de Salvagnac<br \/>\n81630-Salvagnac<\/p>\n<p><strong>Organisateur : <\/strong>le collectif local<\/p>\n<p><strong> Contact : <\/strong>Malleret Arlette<br \/>\n19 rue de la perche<br \/>\n81630-Saint-Urcisse<br \/>\nT\u00e9l. :06 42 77 86 45<br \/>\nCourriel :famillemalleret@wanadoo.fr<\/p>\n<p><em>Information communiqu\u00e9e par Arlette MALLERET<\/em><\/p>\n<p><a href=\"http:\/\/www.o-p-i.fr\/parlonsen\/agenda\/\">Retrouvez tous les \u00e9v\u00e9nements dans l&rsquo;agenda !<\/a><\/p>\n","protected":false},"excerpt":{"rendered":"<div class=\"mh-excerpt\">Vendredi 4 octobre 2019, 18h.30, devant la mairie.<\/div>\n","protected":false},"author":4,"featured_media":0,"comment_status":"open","ping_status":"open","sticky":false,"template":"","format":"standard","meta":{"om_disable_all_campaigns":false,"advanced_seo_description":"","jetpack_seo_html_title":"","jetpack_seo_noindex":false,"_jetpack_memberships_contains_paid_content":false,"footnotes":"","_links_to":"","_links_to_target":""},"categories":[3,55,58,6,25,3707],"tags":[3773,2548,3631,3772],"class_list":{"0":"post-43658","1":"post","2":"type-post","3":"status-publish","4":"format-standard","6":"category-agriculture","7":"category-environnement","8":"category-sante","9":"category-pratique","10":"category-salvagnac","11":"category-n-163-octobre-2019","12":"tag-fongicides","13":"tag-salvagnac","14":"tag-coquelicot","15":"tag-pesticides"},"jetpack_featured_media_url":"","views":{"total":0,"cached_at":"","cached_date":1738512567},"jetpack_likes_enabled":true,"jetpack_sharing_enabled":true,"jetpack_shortlink":"https:\/\/wp.me\/pg7Wxj-bma","jetpack-related-posts":[],"_links":{"self":[{"href":"https:\/\/www.o-p-i.fr\/parlonsen\/wp-json\/wp\/v2\/posts\/43658","targetHints":{"allow":["GET"]}}],"collection":[{"href":"https:\/\/www.o-p-i.fr\/parlonsen\/wp-json\/wp\/v2\/posts"}],"about":[{"href":"https:\/\/www.o-p-i.fr\/parlonsen\/wp-json\/wp\/v2\/types\/post"}],"author":[{"embeddable":true,"href":"https:\/\/www.o-p-i.fr\/parlonsen\/wp-json\/wp\/v2\/users\/4"}],"replies":[{"embeddable":true,"href":"https:\/\/www.o-p-i.fr\/parlonsen\/wp-json\/wp\/v2\/comments?post=43658"}],"version-history":[{"count":0,"href":"https:\/\/www.o-p-i.fr\/parlonsen\/wp-json\/wp\/v2\/posts\/43658\/revisions"}],"wp:attachment":[{"href":"https:\/\/www.o-p-i.fr\/parlonsen\/wp-json\/wp\/v2\/media?parent=43658"}],"wp:term":[{"taxonomy":"category","embeddable":true,"href":"https:\/\/www.o-p-i.fr\/parlonsen\/wp-json\/wp\/v2\/categories?post=43658"},{"taxonomy":"post_tag","embeddable":true,"href":"https:\/\/www.o-p-i.fr\/parlonsen\/wp-json\/wp\/v2\/tags?post=43658"}],"curies":[{"name":"wp","href":"https:\/\/api.w.org\/{rel}","templated":true}]}}