{"id":4366,"date":"2010-07-08T07:00:47","date_gmt":"2010-07-08T05:00:47","guid":{"rendered":"\/parlonsen\/?p=4366"},"modified":"2010-07-05T20:33:03","modified_gmt":"2010-07-05T18:33:03","slug":"fete-votive-a-larroque","status":"publish","type":"post","link":"https:\/\/www.o-p-i.fr\/parlonsen\/parlons-en\/commerce\/fete-votive-a-larroque\/","title":{"rendered":"F\u00eate votive &#8230; \u00e0 Larroque"},"content":{"rendered":"<p style=\"text-align: justify;\">La f\u00eate votive du tr\u00e8s petit mais tr\u00e8s joli village de Larroque (situ\u00e9 \u00e0 mi chemin entre Puycelsi (Tarn) et Bruniquel (Tarn et Garonne) se d\u00e9roulera les <strong><span style=\"color: #333300;\">Samedi 31 Juillet<\/span><\/strong> et <span style=\"color: #333300;\"><strong>Dimanche 1 Aout <\/strong><\/span>2010.<!--more--><\/p>\n<p style=\"text-align: justify;\"><strong><span style=\"color: #333300;\">Sardinade : <\/span><\/strong>Samedi 31 juillet 2010 \u00e0 20 heures (18 euros)<br \/>\nComme chaque ann\u00e9e, le comit\u00e9 des f\u00eates de Larroque vous propose sa sardinade musicale le samedi 31 juillet suivie d\u0092un spectacle pyrotechnique.<br \/>\nLes places sont limit\u00e9es, vous pouvez vous inscrire au 05-63-33-25-65 ou au 05-63-40-59-23 (pour nos ami(e)s anglais)<\/p>\n<p style=\"text-align: justify;\"><span style=\"color: #333300;\"><strong>Vide Grenier<\/strong><\/span> : Dimanche 1 ao\u00fbt 2010<\/p>\n<p style=\"text-align: justify;\">Dimanche 1er Ao\u00fbt, \u00e0 l&rsquo;aire de repos, aura lieu le vide grenier organis\u00e9 par le comit\u00e9 des f\u00eates de Larroque.<br \/>\nLes 3 premiers m\u00e8tres sont gratuits.<br \/>\nPossibilit\u00e9 de restauration sur place.<br \/>\nInscriptions pour les exposants : 05-63-33-25-65 ou au 05-63-40-59-23 (pour nos ami(e)s anglais)<br \/>\nen vous remerciant par avance, recevez Madame l\u0092assurance de mes sentiments les plus respectueux.<\/p>\n<p style=\"text-align: justify;\"><span style=\"color: #333300;\"><strong>Contact : Comit\u00e9 des f\u00eates de Larroque<\/strong><\/span><br \/>\nM. Jacques Chambon<br \/>\nLe Vieux Village<br \/>\n81140 LARROQUE<br \/>\nT\u00e9l. : 05 63 41 96 35<\/p>\n<p style=\"text-align: justify;\">Pr\u00e9sident\u00a0 : M. Christian Fontaine<br \/>\nLe Poutou<br \/>\n81140 Larroque<br \/>\nT\u00e9l. : 06 63 33 25 65<\/p>\n<p style=\"text-align: justify;\"><em>Communiqu\u00e9 d&rsquo;Edwige Pavan<\/em><\/p>\n<p style=\"text-align: justify;\"><a href=\"https:\/\/www.o-p-i.fr\/parlonsen\/agenda\/\"><strong>Retrouvez tous les \u00e9v\u00e8nements dans l&rsquo;agenda !<\/strong><\/a><\/p>\n","protected":false},"excerpt":{"rendered":"<div class=\"mh-excerpt\">La f\u00eate votive du tr\u00e8s petit mais tr\u00e8s joli village de Larroque (situ\u00e9 \u00e0 mi chemin entre Puycelsi (Tarn) et Bruniquel (Tarn et Garonne) se d\u00e9roulera les Samedi 31 Juillet et Dimanche 1 Aout 2010.<\/div>\n","protected":false},"author":2,"featured_media":0,"comment_status":"open","ping_status":"open","sticky":false,"template":"","format":"standard","meta":{"om_disable_all_campaigns":false,"advanced_seo_description":"","jetpack_seo_html_title":"","jetpack_seo_noindex":false,"_jetpack_memberships_contains_paid_content":false,"footnotes":"","_links_to":"","_links_to_target":""},"categories":[4,42,54,604],"tags":[56,157,558,605],"class_list":{"0":"post-4366","1":"post","2":"type-post","3":"status-publish","4":"format-standard","6":"category-commerce","7":"category-a-cote-de-chez-nous","8":"category-loisirs","9":"category-n-51-juillet-2010","10":"tag-fete","11":"tag-repas","12":"tag-larroque","13":"tag-sardinade"},"jetpack_featured_media_url":"","views":{"total":0,"cached_at":"","cached_date":1738454889},"jetpack_likes_enabled":true,"jetpack_sharing_enabled":true,"jetpack_shortlink":"https:\/\/wp.me\/pg7Wxj-18q","jetpack-related-posts":[],"_links":{"self":[{"href":"https:\/\/www.o-p-i.fr\/parlonsen\/wp-json\/wp\/v2\/posts\/4366","targetHints":{"allow":["GET"]}}],"collection":[{"href":"https:\/\/www.o-p-i.fr\/parlonsen\/wp-json\/wp\/v2\/posts"}],"about":[{"href":"https:\/\/www.o-p-i.fr\/parlonsen\/wp-json\/wp\/v2\/types\/post"}],"author":[{"embeddable":true,"href":"https:\/\/www.o-p-i.fr\/parlonsen\/wp-json\/wp\/v2\/users\/2"}],"replies":[{"embeddable":true,"href":"https:\/\/www.o-p-i.fr\/parlonsen\/wp-json\/wp\/v2\/comments?post=4366"}],"version-history":[{"count":0,"href":"https:\/\/www.o-p-i.fr\/parlonsen\/wp-json\/wp\/v2\/posts\/4366\/revisions"}],"wp:attachment":[{"href":"https:\/\/www.o-p-i.fr\/parlonsen\/wp-json\/wp\/v2\/media?parent=4366"}],"wp:term":[{"taxonomy":"category","embeddable":true,"href":"https:\/\/www.o-p-i.fr\/parlonsen\/wp-json\/wp\/v2\/categories?post=4366"},{"taxonomy":"post_tag","embeddable":true,"href":"https:\/\/www.o-p-i.fr\/parlonsen\/wp-json\/wp\/v2\/tags?post=4366"}],"curies":[{"name":"wp","href":"https:\/\/api.w.org\/{rel}","templated":true}]}}