{"id":43661,"date":"2019-09-26T11:18:55","date_gmt":"2019-09-26T10:18:55","guid":{"rendered":"https:\/\/www.o-p-i.fr\/parlonsen\/?p=43661"},"modified":"2019-09-26T11:28:24","modified_gmt":"2019-09-26T10:28:24","slug":"dadef-quartet-en-concert-a-salvagnac-81","status":"publish","type":"post","link":"https:\/\/www.o-p-i.fr\/parlonsen\/localisation\/au-pays-des-tescous\/salvagnac\/dadef-quartet-en-concert-a-salvagnac-81\/","title":{"rendered":"DAD\u00c8F QUARTET en concert &#8230;\u00e0 Salvagnac (81)"},"content":{"rendered":"<p><strong>Samedi 12 octobre 2019<\/strong>, d\u00e8s 19h.30 au Galetas. <!--more--><img data-recalc-dims=\"1\" loading=\"lazy\" decoding=\"async\" class=\"alignright size-medium wp-image-43662\" src=\"https:\/\/i0.wp.com\/www.o-p-i.fr\/parlonsen\/wp-content\/uploads\/Dadef.jpg?resize=300%2C200&#038;ssl=1\" alt=\"\" width=\"300\" height=\"200\" srcset=\"https:\/\/i0.wp.com\/www.o-p-i.fr\/parlonsen\/wp-content\/uploads\/Dadef.jpg?resize=300%2C200&amp;ssl=1 300w, https:\/\/i0.wp.com\/www.o-p-i.fr\/parlonsen\/wp-content\/uploads\/Dadef.jpg?resize=150%2C100&amp;ssl=1 150w, https:\/\/i0.wp.com\/www.o-p-i.fr\/parlonsen\/wp-content\/uploads\/Dadef.jpg?w=340&amp;ssl=1 340w\" sizes=\"auto, (max-width: 300px) 100vw, 300px\" \/>DAD\u00c8F QUARTET<br \/>\nJazz des steppes.<br \/>\nApr\u00e8s \u00ab\u00a0Labyrinthe\u00a0\u00bb premier album du Dad\u00e8f Quartet qui faisait voyager son jazz des rives de la mer noire aux \u00eeles grecques, \u00ab\u00a0Sonnerie\u00a0\u00bb poursuit le chemin, enrichi et \u00e9pur\u00e9. Enrichi en puisant dans ces musiques traditionnelles, \u00e9pur\u00e9 par un effleurement de la musique minimaliste, si propice \u00e0 d\u00e9velopper l&rsquo;imaginaire.<\/p>\n<p>CONCERT \u00c0 21H00 : 7,50 \u20ac (GRATUIT POUR LES -12 ANS)<br \/>\nREPAS MAISON (SUR R\u00c9SERVATION) \u00c0 19H30 : 7,50 \u20ac (5,00 \u20ac POUR LES -12 ANS)<br \/>\nR\u00c9SERVATION OBLIGATOIRE POUR LE REPAS AU : 06 79 68 12 15<\/p>\n<h4>Par la suite<\/h4>\n<p><img data-recalc-dims=\"1\" loading=\"lazy\" decoding=\"async\" class=\"alignleft size-full wp-image-43663\" src=\"https:\/\/i0.wp.com\/www.o-p-i.fr\/parlonsen\/wp-content\/uploads\/Lina.jpg?resize=283%2C209&#038;ssl=1\" alt=\"\" width=\"283\" height=\"209\" srcset=\"https:\/\/i0.wp.com\/www.o-p-i.fr\/parlonsen\/wp-content\/uploads\/Lina.jpg?w=283&amp;ssl=1 283w, https:\/\/i0.wp.com\/www.o-p-i.fr\/parlonsen\/wp-content\/uploads\/Lina.jpg?resize=150%2C111&amp;ssl=1 150w\" sizes=\"auto, (max-width: 283px) 100vw, 283px\" \/><strong>SAMEDI 23 NOVEMBRE 2019<\/strong><br \/>\nLINA MODIKA<br \/>\nLa Voix sur la Route..Lina Modika vous entra\u00eene vers un monde o\u00f9 les heures s&rsquo;\u00e9tirent et se compriment au gr\u00e9 des montres molles, o\u00f9 les jours ne sont faits que d&rsquo;aurores d\u00e9licieusement fra\u00eeches, et de moites cr\u00e9puscules, o\u00f9 les villes ne sont que des chim\u00e8res agit\u00e9es au bout des voies ferr\u00e9es, que l&rsquo;on quitte pour d&rsquo;autres rails apr\u00e8s une danse du diable.<\/p>\n<p><img data-recalc-dims=\"1\" loading=\"lazy\" decoding=\"async\" class=\"alignright size-full wp-image-43664\" src=\"https:\/\/i0.wp.com\/www.o-p-i.fr\/parlonsen\/wp-content\/uploads\/Ublot.jpg?resize=283%2C189&#038;ssl=1\" alt=\"\" width=\"283\" height=\"189\" srcset=\"https:\/\/i0.wp.com\/www.o-p-i.fr\/parlonsen\/wp-content\/uploads\/Ublot.jpg?w=283&amp;ssl=1 283w, https:\/\/i0.wp.com\/www.o-p-i.fr\/parlonsen\/wp-content\/uploads\/Ublot.jpg?resize=150%2C100&amp;ssl=1 150w\" sizes=\"auto, (max-width: 283px) 100vw, 283px\" \/><strong>SAMEDI 25 JANVIER 2020<\/strong><br \/>\nUBLOT<br \/>\nMusique hybride \/ Perpignan. Une fen\u00eatre sur le voyage, la vitre d&rsquo;une horloge et le temps qui avance inlassablement. Un bateau sur lequel nous avons tous une histoire, triste, heureuse, festive, inutilement futile \u00e0 raconter ou des r\u00eaves \u00e0 formuler.<br \/>\nUn univers libre, un carnet intime et de r\u00e9volte, m\u00e9lange instruments acoustiques et \u00e9lectroniques, avec des voix chant\u00e9es, des textes d\u00e9clam\u00e9s, \u00e9crits ou emprunt\u00e9s.<\/p>\n<p><a href=\"http:\/\/www.le-galetas-salvagnac.com\/programmation.html\" target=\"_blank\" rel=\"noopener noreferrer\"><strong>Le GALETAS<\/strong><\/a><\/p>\n<ul class=\"contact_info_list contact_icons\">\n<li class=\"contact_info_item\">\n<div class=\"contact_info_wrapper\">\n<div class=\"contact_info_text\"><b>Ancien presbyt\u00e8re<\/b><br \/>\nPlace de l&rsquo;\u00e9glise<br \/>\n81630 Salvagnac<\/div>\n<\/div>\n<\/li>\n<li class=\"contact_info_item\">\n<div class=\"contact_info_wrapper\">\n<div class=\"contact_info_text\">06 79 68 12 15<\/div>\n<div class=\"contact_info_text\"><a href=\"mailto:galetas.salvagnac@gmail.com\">galetas.salvagnac@gmail.com<\/a><\/div>\n<\/div>\n<\/li>\n<\/ul>\n<div><\/div>\n<div>Information communiqu\u00e9e par l&rsquo;\u00e9quipe \u00ab\u00a0Place en F\u00eate\u00a0\u00bb<\/div>\n<div>\n<p><a href=\"http:\/\/www.o-p-i.fr\/parlonsen\/agenda\/\">Retrouvez tous les \u00e9v\u00e9nements dans l&rsquo;agenda !<\/a><\/p>\n<\/div>\n<p>&nbsp;<\/p>\n<p>&nbsp;<\/p>\n<p>&nbsp;<\/p>\n","protected":false},"excerpt":{"rendered":"<div class=\"mh-excerpt\">Samedi 12 octobre 2019, d\u00e8s 19h.30 au Galetas.<\/div>\n","protected":false},"author":4,"featured_media":0,"comment_status":"open","ping_status":"open","sticky":false,"template":"","format":"standard","meta":{"om_disable_all_campaigns":false,"advanced_seo_description":"","jetpack_seo_html_title":"","jetpack_seo_noindex":false,"_jetpack_memberships_contains_paid_content":false,"footnotes":"","_links_to":"","_links_to_target":""},"categories":[52,54,25,3707],"tags":[43,2548,157,1319,2641],"class_list":{"0":"post-43661","1":"post","2":"type-post","3":"status-publish","4":"format-standard","6":"category-parlons-en","7":"category-loisirs","8":"category-salvagnac","9":"category-n-163-octobre-2019","10":"tag-concert","11":"tag-salvagnac","12":"tag-repas","13":"tag-le-galetas","14":"tag-repas-concert"},"jetpack_featured_media_url":"","views":{"total":0,"cached_at":"","cached_date":1738512555},"jetpack_likes_enabled":true,"jetpack_sharing_enabled":true,"jetpack_shortlink":"https:\/\/wp.me\/pg7Wxj-bmd","jetpack-related-posts":[],"_links":{"self":[{"href":"https:\/\/www.o-p-i.fr\/parlonsen\/wp-json\/wp\/v2\/posts\/43661","targetHints":{"allow":["GET"]}}],"collection":[{"href":"https:\/\/www.o-p-i.fr\/parlonsen\/wp-json\/wp\/v2\/posts"}],"about":[{"href":"https:\/\/www.o-p-i.fr\/parlonsen\/wp-json\/wp\/v2\/types\/post"}],"author":[{"embeddable":true,"href":"https:\/\/www.o-p-i.fr\/parlonsen\/wp-json\/wp\/v2\/users\/4"}],"replies":[{"embeddable":true,"href":"https:\/\/www.o-p-i.fr\/parlonsen\/wp-json\/wp\/v2\/comments?post=43661"}],"version-history":[{"count":0,"href":"https:\/\/www.o-p-i.fr\/parlonsen\/wp-json\/wp\/v2\/posts\/43661\/revisions"}],"wp:attachment":[{"href":"https:\/\/www.o-p-i.fr\/parlonsen\/wp-json\/wp\/v2\/media?parent=43661"}],"wp:term":[{"taxonomy":"category","embeddable":true,"href":"https:\/\/www.o-p-i.fr\/parlonsen\/wp-json\/wp\/v2\/categories?post=43661"},{"taxonomy":"post_tag","embeddable":true,"href":"https:\/\/www.o-p-i.fr\/parlonsen\/wp-json\/wp\/v2\/tags?post=43661"}],"curies":[{"name":"wp","href":"https:\/\/api.w.org\/{rel}","templated":true}]}}