{"id":43709,"date":"2019-10-06T05:44:43","date_gmt":"2019-10-06T04:44:43","guid":{"rendered":"https:\/\/www.o-p-i.fr\/parlonsen\/?p=43709"},"modified":"2019-10-07T13:33:30","modified_gmt":"2019-10-07T12:33:30","slug":"fete-des-danses-traditionnelles-et-folkloriques-a-saint-nauphary-82","status":"publish","type":"post","link":"https:\/\/www.o-p-i.fr\/parlonsen\/localisation\/au-pays-des-tescous\/saint_nauphary\/fete-des-danses-traditionnelles-et-folkloriques-a-saint-nauphary-82\/","title":{"rendered":"F\u00eate des danses traditionnelles et folkloriques&#8230; \u00e0 Saint Nauphary (82)"},"content":{"rendered":"<p><strong>Dimanche 13 octobre 2019<\/strong>,\u00a0 \u00e0 15 h \u00e0 salle des f\u00eates. <!--more-->C&rsquo;est la 20\u00e8me \u00e9dition de la\u00a0 FETE des DANSES TRADITIONNELLES et FOLKLORIQUES en Tarn et Garonne avec la participation des principaux groupes folkloriques du d\u00e9partement (danses, chants, musiques traditionnelles, participation de la chorale.<\/p>\n<ul>\n<li>Lo Revisc\u00f2l de Saint Nauphary7<br \/>\nUne Chapeloise, Le Chibourli, Bourr\u00e9e des Bucherons, La Ressega\u00efre<\/li>\n<li>L\u2019Esquirol du Tescou<br \/>\nLa Youska, Shomme I Valse, Les Moulins de Valencay, Mazurka des Oiselles, Ballade a ST Flour (Bourr\u00e9e), Les Esclops<\/li>\n<li>Groupe de Montpezat de Quercy<br \/>\nTaureau de Laguiole (Bourr\u00e9e), Belle de Nuit (Bourr\u00e9e) Sardane Courte, Le Quadrille, Bourr\u00e9e des Moissons<\/li>\n<li>Les danseurs du Quercy (Miramont de Quercy)<br \/>\nCercle de L\u2019\u00e9cureuil, La Sab (Bourr\u00e9e), Quadrille Alsacien, Carillon Chevaigne, Scottish au Gr\u00e9 des Vents, Ronde Toulousaine<\/li>\n<li>Los Carcin\u00f2ls de Montalban<br \/>\nPolka du P\u00e8re Machin, Bourr\u00e9e des Dindes, Viroulet Polka, Bourr\u00e9e des Foulards a 3, Ballade de Campuac<\/li>\n<li>Les Troubadours de Tarn et Garonne<br \/>\nLe Meunier Blondin, Bourr\u00e9e Carr\u00e9e, Polka Irlandaise, Valse a L\u00e9onie.<\/li>\n<\/ul>\n<p>Avec la participation des enfant de l \u00e9cole de saint nauphary (le petit reviscol )<br \/>\nSpectacle et bal en soir\u00e9e entr\u00e9e GRATUITE.<\/p>\n<p><strong> Pour y aller:<\/strong><br \/>\nSalle des f\u00eates<br \/>\n82370-Saint Nauphary<\/p>\n<p><strong> Organisateur : <\/strong>CULTURE et TRADITION en Tarn et Garonne<\/p>\n<p><strong>Contact : <\/strong>CALVET Jocelyne<br \/>\nChemin de Virlende<br \/>\n82370-St Nauphary<br \/>\nCourriel: <a href=\"mailto:joc64@hotmail.fr\" target=\"_blank\" rel=\"noopener noreferrer\">joc64@hotmail.fr<\/a><\/p>\n<p><em>Information communiqu\u00e9e par Jeanine ASTORG\u00a0<\/em><\/p>\n<p><a href=\"http:\/\/www.o-p-i.fr\/parlonsen\/agenda\/\">Retrouvez tous les \u00e9v\u00e9nements dans l&rsquo;agenda !<\/a><\/p>\n","protected":false},"excerpt":{"rendered":"<div class=\"mh-excerpt\">Dimanche 13 octobre 2019,\u00a0 \u00e0 15 h \u00e0 salle des f\u00eates.<\/div>\n","protected":false},"author":4,"featured_media":0,"comment_status":"open","ping_status":"open","sticky":false,"template":"","format":"standard","meta":{"om_disable_all_campaigns":false,"advanced_seo_description":"","jetpack_seo_html_title":"","jetpack_seo_noindex":false,"_jetpack_memberships_contains_paid_content":false,"footnotes":"","_links_to":"","_links_to_target":""},"categories":[54,17,3707],"tags":[2608,3779],"class_list":{"0":"post-43709","1":"post","2":"type-post","3":"status-publish","4":"format-standard","6":"category-loisirs","7":"category-saint_nauphary","8":"category-n-163-octobre-2019","9":"tag-saint-nauphary","10":"tag-culture-et-tradition-en-tetg"},"jetpack_featured_media_url":"","views":{"total":0,"cached_at":"","cached_date":1738510633},"jetpack_likes_enabled":true,"jetpack_sharing_enabled":true,"jetpack_shortlink":"https:\/\/wp.me\/pg7Wxj-bmZ","jetpack-related-posts":[],"_links":{"self":[{"href":"https:\/\/www.o-p-i.fr\/parlonsen\/wp-json\/wp\/v2\/posts\/43709","targetHints":{"allow":["GET"]}}],"collection":[{"href":"https:\/\/www.o-p-i.fr\/parlonsen\/wp-json\/wp\/v2\/posts"}],"about":[{"href":"https:\/\/www.o-p-i.fr\/parlonsen\/wp-json\/wp\/v2\/types\/post"}],"author":[{"embeddable":true,"href":"https:\/\/www.o-p-i.fr\/parlonsen\/wp-json\/wp\/v2\/users\/4"}],"replies":[{"embeddable":true,"href":"https:\/\/www.o-p-i.fr\/parlonsen\/wp-json\/wp\/v2\/comments?post=43709"}],"version-history":[{"count":0,"href":"https:\/\/www.o-p-i.fr\/parlonsen\/wp-json\/wp\/v2\/posts\/43709\/revisions"}],"wp:attachment":[{"href":"https:\/\/www.o-p-i.fr\/parlonsen\/wp-json\/wp\/v2\/media?parent=43709"}],"wp:term":[{"taxonomy":"category","embeddable":true,"href":"https:\/\/www.o-p-i.fr\/parlonsen\/wp-json\/wp\/v2\/categories?post=43709"},{"taxonomy":"post_tag","embeddable":true,"href":"https:\/\/www.o-p-i.fr\/parlonsen\/wp-json\/wp\/v2\/tags?post=43709"}],"curies":[{"name":"wp","href":"https:\/\/api.w.org\/{rel}","templated":true}]}}