{"id":43760,"date":"2019-10-03T21:22:30","date_gmt":"2019-10-03T20:22:30","guid":{"rendered":"https:\/\/www.o-p-i.fr\/parlonsen\/?p=43760"},"modified":"2025-11-05T00:12:32","modified_gmt":"2025-11-04T23:12:32","slug":"les-kag-et-une-jam-session-a-salvagnac-81","status":"publish","type":"post","link":"https:\/\/www.o-p-i.fr\/parlonsen\/localisation\/au-pays-des-tescous\/salvagnac\/les-kag-et-une-jam-session-a-salvagnac-81\/","title":{"rendered":"\u00ab\u00a0Les Kag\u00a0\u00bb et une Jam Session \u00e0 Salvagnac (81)"},"content":{"rendered":"<p><strong>Vendredi 4 et samedi 5 octobre 2019,<\/strong> au Caf\u00e9 au Bord du Monde. <!--more--><\/p>\n<ul>\n<li><strong><img data-recalc-dims=\"1\" loading=\"lazy\" decoding=\"async\" class=\"alignright size-full wp-image-43761\" src=\"https:\/\/i0.wp.com\/www.o-p-i.fr\/parlonsen\/wp-content\/uploads\/Kag.jpg?resize=202%2C245&#038;ssl=1\" alt=\"\" width=\"202\" height=\"245\" srcset=\"https:\/\/i0.wp.com\/www.o-p-i.fr\/parlonsen\/wp-content\/uploads\/Kag.jpg?w=202&amp;ssl=1 202w, https:\/\/i0.wp.com\/www.o-p-i.fr\/parlonsen\/wp-content\/uploads\/Kag.jpg?resize=124%2C150&amp;ssl=1 124w\" sizes=\"auto, (max-width: 202px) 100vw, 202px\" \/>Vendredi 4 octobre 2019<\/strong>, KARAVANE propose LES KAG, un duo spectacle\/chanson\/d\u00e9jant\u00e9 qui tourne d\u00e9j\u00e0 depuis 20 ans ! &#8211; 20h30<br \/>\nREPAS 19h avec un ROUGAIL &amp; SAUCISSE \u25c4<br \/>\nSpectacle en ext\u00e9rieur, alors pr\u00e9voyez une laine !! (on en profite pour annoncer les \u00ab\u00a0CAFE TRICOT\u00a0\u00bb tous les vendredi matin..;)<\/li>\n<li><strong>Samedi 5 octobre 2019<\/strong>, \u00e0 partir de 19h, c&rsquo;est la 1\u00e8re JAM SESSION au caf\u00e9 !<br \/>\nCe qui veut dire que c&rsquo;est une soir\u00e9e musicale, jou\u00e9e par qui veut venir avec son instrument (piano d\u00e9j\u00e0 sur place). Le tout, orchestr\u00e9 d&rsquo;une main de Nicolas LEPRINCE, bien connue des baguettes locales&#8230;<\/li>\n<\/ul>\n<p>Vous prendrez bien un Caf\u00e9 Au Bord Du Monde?<br \/>\n12 All\u00e9es Jean Jaur\u00e8s<br \/>\n81630 Salvagnac<br \/>\n05 63 55 14 52<\/p>\n<p><strong>En pr\u00e9vision:<\/strong><br \/>\n&#8211; 1er nov (19h) JAM SESSION &#8211; Apportez vos instruments !<br \/>\n&#8211; 15 nov (21h) Projection de court-m\u00e9trage avec SEQUENCE COURT-METRAGE<br \/>\n&#8211; 22 nov (20h30) Duo EXP\u00c9RIENCES ORIENTALES<br \/>\n&#8211; 29 nov (21h) Lumen&amp;Co, Vend&rsquo;Oc &#8211; Cin\u00e9ma surprise*<br \/>\n&#8211; 6 d\u00e9c (19h) JAM SESSION &#8211; Apportez vos instruments !<br \/>\n&#8211; 4 d\u00e9c (20h30) JUSTIN St PIERRE, Fingerstyle Salvagnaco-qu\u00e9b\u00e9cois<br \/>\n&#8211; 11 janvier (21h) JULIAN THE DRIFTER<br \/>\n&#8211; 31 janvier PHAT DAT<\/p>\n<p><em>Information communiqu\u00e9e par l&rsquo;\u00e9quipe du \u00ab\u00a0Bord du Monde\u00a0\u00bb<\/em><\/p>\n<p><a href=\"http:\/\/www.o-p-i.fr\/parlonsen\/agenda\/\">Retrouvez tous les \u00e9v\u00e9nements dans l&rsquo;agenda !<\/a><\/p>\n","protected":false},"excerpt":{"rendered":"<div class=\"mh-excerpt\">Vendredi 4 et samedi 5 octobre 2019, au Caf\u00e9 au Bord du Monde.<\/div>\n","protected":false},"author":4,"featured_media":0,"comment_status":"open","ping_status":"open","sticky":false,"template":"","format":"standard","meta":{"om_disable_all_campaigns":false,"advanced_seo_description":"","jetpack_seo_html_title":"","jetpack_seo_noindex":false,"_jetpack_memberships_contains_paid_content":false,"footnotes":"","_links_to":"","_links_to_target":""},"categories":[54,25,3707],"tags":[2548,3534,3784,3830],"class_list":{"0":"post-43760","1":"post","2":"type-post","3":"status-publish","4":"format-standard","6":"category-loisirs","7":"category-salvagnac","8":"category-n-163-octobre-2019","9":"tag-salvagnac","10":"tag-repas-anime","11":"tag-jam-session","12":"tag-cafe-au-bord-du-monde"},"jetpack_featured_media_url":"","views":{"total":0,"cached_at":"","cached_date":1738510761},"jetpack_likes_enabled":true,"jetpack_sharing_enabled":true,"jetpack_shortlink":"https:\/\/wp.me\/pg7Wxj-bnO","jetpack-related-posts":[],"_links":{"self":[{"href":"https:\/\/www.o-p-i.fr\/parlonsen\/wp-json\/wp\/v2\/posts\/43760","targetHints":{"allow":["GET"]}}],"collection":[{"href":"https:\/\/www.o-p-i.fr\/parlonsen\/wp-json\/wp\/v2\/posts"}],"about":[{"href":"https:\/\/www.o-p-i.fr\/parlonsen\/wp-json\/wp\/v2\/types\/post"}],"author":[{"embeddable":true,"href":"https:\/\/www.o-p-i.fr\/parlonsen\/wp-json\/wp\/v2\/users\/4"}],"replies":[{"embeddable":true,"href":"https:\/\/www.o-p-i.fr\/parlonsen\/wp-json\/wp\/v2\/comments?post=43760"}],"version-history":[{"count":1,"href":"https:\/\/www.o-p-i.fr\/parlonsen\/wp-json\/wp\/v2\/posts\/43760\/revisions"}],"predecessor-version":[{"id":66852,"href":"https:\/\/www.o-p-i.fr\/parlonsen\/wp-json\/wp\/v2\/posts\/43760\/revisions\/66852"}],"wp:attachment":[{"href":"https:\/\/www.o-p-i.fr\/parlonsen\/wp-json\/wp\/v2\/media?parent=43760"}],"wp:term":[{"taxonomy":"category","embeddable":true,"href":"https:\/\/www.o-p-i.fr\/parlonsen\/wp-json\/wp\/v2\/categories?post=43760"},{"taxonomy":"post_tag","embeddable":true,"href":"https:\/\/www.o-p-i.fr\/parlonsen\/wp-json\/wp\/v2\/tags?post=43760"}],"curies":[{"name":"wp","href":"https:\/\/api.w.org\/{rel}","templated":true}]}}