{"id":43798,"date":"2019-10-07T10:47:22","date_gmt":"2019-10-07T09:47:22","guid":{"rendered":"https:\/\/www.o-p-i.fr\/parlonsen\/?p=43798"},"modified":"2019-10-07T10:47:22","modified_gmt":"2019-10-07T09:47:22","slug":"repas-et-the-dansant-a-albias-82-3","status":"publish","type":"post","link":"https:\/\/www.o-p-i.fr\/parlonsen\/parlons-en\/pratique\/repas-et-the-dansant-a-albias-82-3\/","title":{"rendered":"Repas et Th\u00e9 dansant &#8230; \u00e0 Albias (82)"},"content":{"rendered":"<p><strong>Dimanche 27 octobre 2019<\/strong> , 12h. \u00e0 la salle des f\u00eates<!--more--><\/p>\n<figure id=\"attachment_43799\" aria-describedby=\"caption-attachment-43799\" style=\"width: 300px\" class=\"wp-caption alignleft\"><img data-recalc-dims=\"1\" loading=\"lazy\" decoding=\"async\" class=\"wp-image-43799 size-medium\" src=\"https:\/\/i0.wp.com\/www.o-p-i.fr\/parlonsen\/wp-content\/uploads\/Gaches-2.jpg?resize=300%2C202&#038;ssl=1\" alt=\"\" width=\"300\" height=\"202\" srcset=\"https:\/\/i0.wp.com\/www.o-p-i.fr\/parlonsen\/wp-content\/uploads\/Gaches-2.jpg?resize=300%2C202&amp;ssl=1 300w, https:\/\/i0.wp.com\/www.o-p-i.fr\/parlonsen\/wp-content\/uploads\/Gaches-2.jpg?resize=150%2C101&amp;ssl=1 150w, https:\/\/i0.wp.com\/www.o-p-i.fr\/parlonsen\/wp-content\/uploads\/Gaches-2.jpg?resize=400%2C269&amp;ssl=1 400w, https:\/\/i0.wp.com\/www.o-p-i.fr\/parlonsen\/wp-content\/uploads\/Gaches-2.jpg?w=425&amp;ssl=1 425w\" sizes=\"auto, (max-width: 300px) 100vw, 300px\" \/><figcaption id=\"caption-attachment-43799\" class=\"wp-caption-text\">Bernard GACHES<\/figcaption><\/figure>\n<p>le CLUB des AINES d&rsquo;ALBIAS organise un repas suivi d&rsquo;un<br \/>\nTHE DANSANT \u00e0 partir de 15 h<\/p>\n<p>Il sera anim\u00e9 par Bernard GACHES et Philippe.<br \/>\nPrix adh\u00e9rents 17 \u20ac, non adh\u00e9rents 26 \u20ac,<\/p>\n<p>THE Dansant uniquement: 9 \u20ac<br \/>\navec go\u00fbter offert.<\/p>\n<p>Inscriptions: Marie-Th\u00e9r\u00e8se DELLUC 06 98 91 02 25<\/p>\n<p>Information communiqu\u00e9e par Marie-Th\u00e9r\u00e8se DELLUC<\/p>\n<p><a href=\"http:\/\/www.o-p-i.fr\/parlonsen\/agenda\/\">Retrouvez tous les \u00e9v\u00e9nements dans l&rsquo;agenda !<\/a><\/p>\n","protected":false},"excerpt":{"rendered":"<div class=\"mh-excerpt\">Dimanche 27 octobre 2019 , 12h. \u00e0 la salle des f\u00eates<\/div>\n","protected":false},"author":4,"featured_media":0,"comment_status":"open","ping_status":"open","sticky":false,"template":"","format":"standard","meta":{"om_disable_all_campaigns":false,"advanced_seo_description":"","jetpack_seo_html_title":"","jetpack_seo_noindex":false,"_jetpack_memberships_contains_paid_content":false,"footnotes":"","_links_to":"","_links_to_target":""},"categories":[42,54,6,3707],"tags":[80,157,640,1561],"class_list":{"0":"post-43798","1":"post","2":"type-post","3":"status-publish","4":"format-standard","6":"category-a-cote-de-chez-nous","7":"category-loisirs","8":"category-pratique","9":"category-n-163-octobre-2019","10":"tag-the-dansant","11":"tag-repas","12":"tag-albias","13":"tag-club-des-aines"},"jetpack_featured_media_url":"","views":{"total":0,"cached_at":"","cached_date":1738510607},"jetpack_likes_enabled":true,"jetpack_sharing_enabled":true,"jetpack_shortlink":"https:\/\/wp.me\/pg7Wxj-boq","jetpack-related-posts":[],"_links":{"self":[{"href":"https:\/\/www.o-p-i.fr\/parlonsen\/wp-json\/wp\/v2\/posts\/43798","targetHints":{"allow":["GET"]}}],"collection":[{"href":"https:\/\/www.o-p-i.fr\/parlonsen\/wp-json\/wp\/v2\/posts"}],"about":[{"href":"https:\/\/www.o-p-i.fr\/parlonsen\/wp-json\/wp\/v2\/types\/post"}],"author":[{"embeddable":true,"href":"https:\/\/www.o-p-i.fr\/parlonsen\/wp-json\/wp\/v2\/users\/4"}],"replies":[{"embeddable":true,"href":"https:\/\/www.o-p-i.fr\/parlonsen\/wp-json\/wp\/v2\/comments?post=43798"}],"version-history":[{"count":0,"href":"https:\/\/www.o-p-i.fr\/parlonsen\/wp-json\/wp\/v2\/posts\/43798\/revisions"}],"wp:attachment":[{"href":"https:\/\/www.o-p-i.fr\/parlonsen\/wp-json\/wp\/v2\/media?parent=43798"}],"wp:term":[{"taxonomy":"category","embeddable":true,"href":"https:\/\/www.o-p-i.fr\/parlonsen\/wp-json\/wp\/v2\/categories?post=43798"},{"taxonomy":"post_tag","embeddable":true,"href":"https:\/\/www.o-p-i.fr\/parlonsen\/wp-json\/wp\/v2\/tags?post=43798"}],"curies":[{"name":"wp","href":"https:\/\/api.w.org\/{rel}","templated":true}]}}