{"id":43830,"date":"2019-10-08T23:51:17","date_gmt":"2019-10-08T22:51:17","guid":{"rendered":"https:\/\/www.o-p-i.fr\/parlonsen\/?p=43830"},"modified":"2019-10-08T23:51:17","modified_gmt":"2019-10-08T22:51:17","slug":"les-carcinols-a-saint-nauphary-82","status":"publish","type":"post","link":"https:\/\/www.o-p-i.fr\/parlonsen\/localisation\/au-pays-des-tescous\/saint_nauphary\/les-carcinols-a-saint-nauphary-82\/","title":{"rendered":"Les  \u00abCarcinols\u00bb&#8230; \u00e0  Saint Nauphary (82)"},"content":{"rendered":"<p><strong>Dimanche 13 Octobre 2019<\/strong><!--more--><img data-recalc-dims=\"1\" loading=\"lazy\" decoding=\"async\" class=\"alignright wp-image-43831\" src=\"https:\/\/i0.wp.com\/www.o-p-i.fr\/parlonsen\/wp-content\/uploads\/Carcinols.jpg?resize=370%2C244&#038;ssl=1\" alt=\"\" width=\"370\" height=\"244\" srcset=\"https:\/\/i0.wp.com\/www.o-p-i.fr\/parlonsen\/wp-content\/uploads\/Carcinols.jpg?resize=300%2C198&amp;ssl=1 300w, https:\/\/i0.wp.com\/www.o-p-i.fr\/parlonsen\/wp-content\/uploads\/Carcinols.jpg?resize=150%2C99&amp;ssl=1 150w, https:\/\/i0.wp.com\/www.o-p-i.fr\/parlonsen\/wp-content\/uploads\/Carcinols.jpg?resize=400%2C264&amp;ssl=1 400w, https:\/\/i0.wp.com\/www.o-p-i.fr\/parlonsen\/wp-content\/uploads\/Carcinols.jpg?w=425&amp;ssl=1 425w\" sizes=\"auto, (max-width: 370px) 100vw, 370px\" \/>Comme chaque ann\u00e9e le groupe folklorique occitan \u00ab Los Carcinols de Montalban \u00bb participera au grand rassemblement des groupes occitans, sous l\u2019\u00e9gide de l\u2019association \u00ab Cultures et traditions \u00bb. Vous pourrez y appr\u00e9cier la diversit\u00e9 et la qualit\u00e9 de leurs danses.<br \/>\nLes \u00ab\u00a0Carcinols\u00a0\u00bb danseurs et musiciens, apr\u00e8s avoir repr\u00e9sent\u00e9 la r\u00e9gion, donc la France lors de leur tourn\u00e9e d\u2019\u00e9t\u00e9 2018 en Hongrie, ont \u00e9t\u00e9 fiers de recevoir leur d\u00e9l\u00e9gation en Ao\u00fbt 2019 \u00e0 Montauban. Apr\u00e8s les avoir accompagn\u00e9s pour visiter Toulouse-Cahors, Caylus etc..ils ont \u00e9t\u00e9 re\u00e7us chaleureusement en mairie de Montauban. Ils nous ont fait d\u00e9couvrir le folklore hongrois, lors de prestations dans des EPHAD \u00e0 Villemur-Cahors et Montauban.<br \/>\nApr\u00e8s cette semaine mouvement\u00e9e, \u00ab\u00a0Les Carcinols\u00a0\u00bb, toujours dynamiques et entreprenants ont programm\u00e9 des sorties au Cours Foucault \u2013\u00e0 Grenade-Cadours-St Nauphary-Septfonds-Larrazet et Cahors-Grace \u00e0 leurs musiciens talentueux et leur r\u00e9pertore occitan, malgr\u00e9 leurs 20 ans d\u2019existence les danseurs se maintiennent en bonne forme physique, et leurs chor\u00e9graphies affutent leur m\u00e9moire et leur vivacit\u00e9 d\u2019esprit\u2026<br \/>\nN\u2019h\u00e9sitez pas \u00e0 rejoindre ce groupe chaque mercredi \u00e0 19h30-Salle des f\u00eates de Falgui\u00e8res \u00e0 5 minutes de Montauban.<\/p>\n<p><em>Information communiqu\u00e9e par Ginette DELLAMARIA<\/em><\/p>\n<p><a href=\"http:\/\/www.o-p-i.fr\/parlonsen\/agenda\/\">Retrouvez tous les \u00e9v\u00e9nements dans l&rsquo;agenda !<\/a><\/p>\n","protected":false},"excerpt":{"rendered":"<div class=\"mh-excerpt\">Dimanche 13 Octobre 2019<\/div>\n","protected":false},"author":4,"featured_media":0,"comment_status":"open","ping_status":"open","sticky":false,"template":"","format":"standard","meta":{"om_disable_all_campaigns":false,"advanced_seo_description":"","jetpack_seo_html_title":"","jetpack_seo_noindex":false,"_jetpack_memberships_contains_paid_content":false,"footnotes":"","_links_to":"","_links_to_target":""},"categories":[54,17,3707],"tags":[2608,2845,3711,3789],"class_list":{"0":"post-43830","1":"post","2":"type-post","3":"status-publish","4":"format-standard","6":"category-loisirs","7":"category-saint_nauphary","8":"category-n-163-octobre-2019","9":"tag-saint-nauphary","10":"tag-danse-occitane","11":"tag-danses-folkloriques","12":"tag-los-carcinols"},"jetpack_featured_media_url":"","views":{"total":0,"cached_at":"","cached_date":1738510518},"jetpack_likes_enabled":true,"jetpack_sharing_enabled":true,"jetpack_shortlink":"https:\/\/wp.me\/pg7Wxj-boW","jetpack-related-posts":[],"_links":{"self":[{"href":"https:\/\/www.o-p-i.fr\/parlonsen\/wp-json\/wp\/v2\/posts\/43830","targetHints":{"allow":["GET"]}}],"collection":[{"href":"https:\/\/www.o-p-i.fr\/parlonsen\/wp-json\/wp\/v2\/posts"}],"about":[{"href":"https:\/\/www.o-p-i.fr\/parlonsen\/wp-json\/wp\/v2\/types\/post"}],"author":[{"embeddable":true,"href":"https:\/\/www.o-p-i.fr\/parlonsen\/wp-json\/wp\/v2\/users\/4"}],"replies":[{"embeddable":true,"href":"https:\/\/www.o-p-i.fr\/parlonsen\/wp-json\/wp\/v2\/comments?post=43830"}],"version-history":[{"count":0,"href":"https:\/\/www.o-p-i.fr\/parlonsen\/wp-json\/wp\/v2\/posts\/43830\/revisions"}],"wp:attachment":[{"href":"https:\/\/www.o-p-i.fr\/parlonsen\/wp-json\/wp\/v2\/media?parent=43830"}],"wp:term":[{"taxonomy":"category","embeddable":true,"href":"https:\/\/www.o-p-i.fr\/parlonsen\/wp-json\/wp\/v2\/categories?post=43830"},{"taxonomy":"post_tag","embeddable":true,"href":"https:\/\/www.o-p-i.fr\/parlonsen\/wp-json\/wp\/v2\/tags?post=43830"}],"curies":[{"name":"wp","href":"https:\/\/api.w.org\/{rel}","templated":true}]}}