{"id":43865,"date":"2019-10-11T04:43:23","date_gmt":"2019-10-11T03:43:23","guid":{"rendered":"https:\/\/www.o-p-i.fr\/parlonsen\/?p=43865"},"modified":"2019-10-11T04:43:23","modified_gmt":"2019-10-11T03:43:23","slug":"apres-midi-recreative-a-monclar-de-quercy-82-5","status":"publish","type":"post","link":"https:\/\/www.o-p-i.fr\/parlonsen\/parlons-en\/pratique\/apres-midi-recreative-a-monclar-de-quercy-82-5\/","title":{"rendered":"Apr\u00e8s midi r\u00e9cr\u00e9ative&#8230; \u00e0 Monclar de Quercy (82)"},"content":{"rendered":"<p><strong>Lundi 21 octobre 2019<\/strong> de 14h30 \u00e0 17h \u00e0 la maison de l&rsquo;enfance.<!--more--><\/p>\n<p>L\u2019association Familles Rurales organise une apr\u00e8s midi r\u00e9cr\u00e9ative ouverte \u00e0 tous (personnes \u00e2g\u00e9es, enfants, adolescents&#8230;) Ce sera l&rsquo;occasion de partager un moment convivial autour de jeux de soci\u00e9t\u00e9 et d&rsquo;\u00e9changes divers. Pour cl\u00f4turer la journ\u00e9e, chacun apportera ce qu&rsquo;il veut partager (g\u00e2teaux, bonbons&#8230;), l&rsquo;association participera aussi et offrira les boissons.<\/p>\n<p><img data-recalc-dims=\"1\" loading=\"lazy\" decoding=\"async\" class=\"aligncenter wp-image-43866 size-full\" src=\"https:\/\/i0.wp.com\/www.o-p-i.fr\/parlonsen\/wp-content\/uploads\/FR-monclar.jpg?resize=567%2C801&#038;ssl=1\" alt=\"\" width=\"567\" height=\"801\" srcset=\"https:\/\/i0.wp.com\/www.o-p-i.fr\/parlonsen\/wp-content\/uploads\/FR-monclar.jpg?w=567&amp;ssl=1 567w, https:\/\/i0.wp.com\/www.o-p-i.fr\/parlonsen\/wp-content\/uploads\/FR-monclar.jpg?resize=212%2C300&amp;ssl=1 212w, https:\/\/i0.wp.com\/www.o-p-i.fr\/parlonsen\/wp-content\/uploads\/FR-monclar.jpg?resize=106%2C150&amp;ssl=1 106w, https:\/\/i0.wp.com\/www.o-p-i.fr\/parlonsen\/wp-content\/uploads\/FR-monclar.jpg?resize=400%2C565&amp;ssl=1 400w\" sizes=\"auto, (max-width: 567px) 100vw, 567px\" \/><\/p>\n<p><em>Information communiqu\u00e9e par St\u00e9phanie MALAURIE<\/em><\/p>\n<p><a href=\"http:\/\/www.o-p-i.fr\/parlonsen\/agenda\/\">Retrouvez tous les \u00e9v\u00e9nements dans l&rsquo;agenda !<\/a><\/p>\n","protected":false},"excerpt":{"rendered":"<div class=\"mh-excerpt\">Lundi 21 octobre 2019 de 14h30 \u00e0 17h \u00e0 la maison de l&rsquo;enfance.<\/div>\n","protected":false},"author":4,"featured_media":0,"comment_status":"open","ping_status":"open","sticky":false,"template":"","format":"standard","meta":{"om_disable_all_campaigns":false,"advanced_seo_description":"","jetpack_seo_html_title":"","jetpack_seo_noindex":false,"_jetpack_memberships_contains_paid_content":false,"footnotes":"","_links_to":"","_links_to_target":""},"categories":[16,54,6,3707],"tags":[143,3398,3780,3799,3800],"class_list":{"0":"post-43865","1":"post","2":"type-post","3":"status-publish","4":"format-standard","6":"category-monclar","7":"category-loisirs","8":"category-pratique","9":"category-n-163-octobre-2019","10":"tag-monclar-de-quercy","11":"tag-apres-midi-recreative","12":"tag-familles-rurales-de-monclar-de-quercy","13":"tag-espace-ados","14":"tag-club-de-la-bonne-humeur"},"jetpack_featured_media_url":"","views":{"total":0,"cached_at":"","cached_date":1738510382},"jetpack_likes_enabled":true,"jetpack_sharing_enabled":true,"jetpack_shortlink":"https:\/\/wp.me\/pg7Wxj-bpv","jetpack-related-posts":[],"_links":{"self":[{"href":"https:\/\/www.o-p-i.fr\/parlonsen\/wp-json\/wp\/v2\/posts\/43865","targetHints":{"allow":["GET"]}}],"collection":[{"href":"https:\/\/www.o-p-i.fr\/parlonsen\/wp-json\/wp\/v2\/posts"}],"about":[{"href":"https:\/\/www.o-p-i.fr\/parlonsen\/wp-json\/wp\/v2\/types\/post"}],"author":[{"embeddable":true,"href":"https:\/\/www.o-p-i.fr\/parlonsen\/wp-json\/wp\/v2\/users\/4"}],"replies":[{"embeddable":true,"href":"https:\/\/www.o-p-i.fr\/parlonsen\/wp-json\/wp\/v2\/comments?post=43865"}],"version-history":[{"count":0,"href":"https:\/\/www.o-p-i.fr\/parlonsen\/wp-json\/wp\/v2\/posts\/43865\/revisions"}],"wp:attachment":[{"href":"https:\/\/www.o-p-i.fr\/parlonsen\/wp-json\/wp\/v2\/media?parent=43865"}],"wp:term":[{"taxonomy":"category","embeddable":true,"href":"https:\/\/www.o-p-i.fr\/parlonsen\/wp-json\/wp\/v2\/categories?post=43865"},{"taxonomy":"post_tag","embeddable":true,"href":"https:\/\/www.o-p-i.fr\/parlonsen\/wp-json\/wp\/v2\/tags?post=43865"}],"curies":[{"name":"wp","href":"https:\/\/api.w.org\/{rel}","templated":true}]}}