{"id":44072,"date":"2019-10-28T11:34:21","date_gmt":"2019-10-28T10:34:21","guid":{"rendered":"https:\/\/www.o-p-i.fr\/parlonsen\/?p=44072"},"modified":"2019-10-28T11:41:00","modified_gmt":"2019-10-28T10:41:00","slug":"les-journees-de-larrazet-82-2","status":"publish","type":"post","link":"https:\/\/www.o-p-i.fr\/parlonsen\/parlons-en\/culture\/les-journees-de-larrazet-82-2\/","title":{"rendered":"Les Journ\u00e9es de Larrazet (82)"},"content":{"rendered":"<p><strong>Samedi 23 et dimanche 24 novembre 2019<\/strong>, sur l&rsquo;histoire de la 2\u00b0 Guerre mondiale.<!--more--><br \/>\n<img data-recalc-dims=\"1\" loading=\"lazy\" decoding=\"async\" class=\"alignright size-full wp-image-44073\" src=\"https:\/\/i0.wp.com\/www.o-p-i.fr\/parlonsen\/wp-content\/uploads\/Larrazet-3.jpg?resize=425%2C441&#038;ssl=1\" alt=\"\" width=\"425\" height=\"441\" srcset=\"https:\/\/i0.wp.com\/www.o-p-i.fr\/parlonsen\/wp-content\/uploads\/Larrazet-3.jpg?w=425&amp;ssl=1 425w, https:\/\/i0.wp.com\/www.o-p-i.fr\/parlonsen\/wp-content\/uploads\/Larrazet-3.jpg?resize=289%2C300&amp;ssl=1 289w, https:\/\/i0.wp.com\/www.o-p-i.fr\/parlonsen\/wp-content\/uploads\/Larrazet-3.jpg?resize=145%2C150&amp;ssl=1 145w, https:\/\/i0.wp.com\/www.o-p-i.fr\/parlonsen\/wp-content\/uploads\/Larrazet-3.jpg?resize=400%2C415&amp;ssl=1 400w\" sizes=\"auto, (max-width: 425px) 100vw, 425px\" \/>Nous aurons la chance d&rsquo;accueillir quelques uns des meilleurs historiens fran\u00e7ais du sujet qui mettront \u00e0 la port\u00e9e de tous l&rsquo;actualit\u00e9 des savoirs sur une p\u00e9riode dont on ne finit jamais de faire le tour.<br \/>\nAvec le souci de faire vivre une rencontre vivante pour toucher du doigt comment se r\u00e9fl\u00e9chit et s&rsquo;\u00e9crit l&rsquo;histoire.<br \/>\nNous esp\u00e9rons vivement que vous puissiez partager cette nouvelle \u00e9dition des Journ\u00e9es dont l&rsquo;entr\u00e9e est libre et gratuite.<br \/>\nIl est recommand\u00e9 de r\u00e9server \u00e0 l&rsquo;avance les repas qui seront servis sur place le samedi soir et le dimanche midi au prix de 15 euros.<\/p>\n<p>Pour t\u00e9l\u00e9charger informations et bulletin d&rsquo;inscription au repas, cliquez: <strong><a href=\"https:\/\/www.o-p-i.fr\/parlonsen\/wp-content\/uploads\/Journ\u00e9es-de-Larrazet-2019.pdf\">Journ\u00e9es de Larrazet 2019<\/a><\/strong><\/p>\n<h3>Au programme<\/h3>\n<ul>\n<li><strong>Samedi 23 Novembre<\/strong>\n<ul>\n<li>14h00 :<br \/>\n<em>Comprendre le nazisme<\/em> Johann Chapoutot (Universit\u00e9 Paris Sorbonne)<br \/>\n<em>Pourquoi la d\u00e9faite de 1940?<\/em> Maurice Vaisse (Sciences Politiques Paris)<br \/>\n<em>De l\u2019id\u00e9ologie de Vichy aux pers\u00e9cutions antis\u00e9mites<\/em> Laurent Joly (Ehess Paris)<\/li>\n<li>21h00 :<br \/>\n<em>Forain Verdier et la R\u00e9sistance Toulousaine <\/em>Elerika Leroy (Mus\u00e9e de la R\u00e9sistance Toulouse)<br \/>\n<em>R\u00e9sister pendant l\u2019Occupation <\/em>S\u00e9bastien Albertelli (Lyc\u00e9e Voltaire Paris)<\/li>\n<\/ul>\n<\/li>\n<li><strong>Dimanche 24 novembre<\/strong>\n<ul>\n<li>14h00 :<br \/>\n<em>O\u00f9 en est l\u2019\u00e9criture de l\u2019histoire de la 2\u00b0 guerre mondiale<\/em> Jean- Fran\u00e7ois Muracciole (Universit\u00e9 Montpellier)<br \/>\n<em>L\u2019Urss dans la 2e guerre mondiale<\/em> Fran\u00e7ois-Xavier N\u00e9rard (Universit\u00e9 Paris I Panth\u00e9on Sorbonne)<br \/>\n<em>La Grande-Bretagne dans la 2e guerre mondiale<\/em> Antoine Capet (Universit\u00e9 Rouen)<\/li>\n<\/ul>\n<\/li>\n<\/ul>\n<p>Journ\u00e9es Organis\u00e9es par <strong><a href=\"http:\/\/www.maisondelaculture-larrazet.fr\/\" target=\"_blank\" rel=\"noopener noreferrer\">La Maison de la Culture de Larrazet<\/a><\/strong><br \/>\navec l\u2019aide du Conseil D\u00e9partemental du Tarn et Garonne,<br \/>\ndu Conseil R\u00e9gional Occitanie, de la DPMA (Minist\u00e8re de la D\u00e9fense),<br \/>\ndu Carrefour Culturel Arnaud Bernard et du Cr\u00e9dit Agricole<\/p>\n<p><em>Information communiqu\u00e9e par\u00a0Alain DAZIRON<\/em><\/p>\n<p><a href=\"http:\/\/www.o-p-i.fr\/parlonsen\/agenda\/\">Retrouvez tous les \u00e9v\u00e9nements dans l&rsquo;agenda !<\/a><\/p>\n","protected":false},"excerpt":{"rendered":"<div class=\"mh-excerpt\">Samedi 23 et dimanche 24 novembre 2019, sur l&rsquo;histoire de la 2\u00b0 Guerre mondiale.<\/div>\n","protected":false},"author":4,"featured_media":0,"comment_status":"open","ping_status":"open","sticky":false,"template":"","format":"standard","meta":{"om_disable_all_campaigns":false,"advanced_seo_description":"","jetpack_seo_html_title":"","jetpack_seo_noindex":false,"_jetpack_memberships_contains_paid_content":false,"footnotes":"","_links_to":"","_links_to_target":""},"categories":[52,23,1,3788],"tags":[66,542,1550,2979],"class_list":{"0":"post-44072","1":"post","2":"type-post","3":"status-publish","4":"format-standard","6":"category-parlons-en","7":"category-au-dela-du-pays","8":"category-culture","9":"category-n-164-novembre-2019","10":"tag-larrazet","11":"tag-histoire","12":"tag-2-guerre-mondiale","13":"tag-journees-de-larrazet"},"jetpack_featured_media_url":"","views":{"total":0,"cached_at":"","cached_date":1738509679},"jetpack_likes_enabled":true,"jetpack_sharing_enabled":true,"jetpack_shortlink":"https:\/\/wp.me\/pg7Wxj-bsQ","jetpack-related-posts":[],"_links":{"self":[{"href":"https:\/\/www.o-p-i.fr\/parlonsen\/wp-json\/wp\/v2\/posts\/44072","targetHints":{"allow":["GET"]}}],"collection":[{"href":"https:\/\/www.o-p-i.fr\/parlonsen\/wp-json\/wp\/v2\/posts"}],"about":[{"href":"https:\/\/www.o-p-i.fr\/parlonsen\/wp-json\/wp\/v2\/types\/post"}],"author":[{"embeddable":true,"href":"https:\/\/www.o-p-i.fr\/parlonsen\/wp-json\/wp\/v2\/users\/4"}],"replies":[{"embeddable":true,"href":"https:\/\/www.o-p-i.fr\/parlonsen\/wp-json\/wp\/v2\/comments?post=44072"}],"version-history":[{"count":0,"href":"https:\/\/www.o-p-i.fr\/parlonsen\/wp-json\/wp\/v2\/posts\/44072\/revisions"}],"wp:attachment":[{"href":"https:\/\/www.o-p-i.fr\/parlonsen\/wp-json\/wp\/v2\/media?parent=44072"}],"wp:term":[{"taxonomy":"category","embeddable":true,"href":"https:\/\/www.o-p-i.fr\/parlonsen\/wp-json\/wp\/v2\/categories?post=44072"},{"taxonomy":"post_tag","embeddable":true,"href":"https:\/\/www.o-p-i.fr\/parlonsen\/wp-json\/wp\/v2\/tags?post=44072"}],"curies":[{"name":"wp","href":"https:\/\/api.w.org\/{rel}","templated":true}]}}