{"id":44107,"date":"2019-11-28T07:37:56","date_gmt":"2019-11-28T06:37:56","guid":{"rendered":"https:\/\/www.o-p-i.fr\/parlonsen\/?p=44107"},"modified":"2019-11-28T08:12:16","modified_gmt":"2019-11-28T07:12:16","slug":"collecte-de-produits-dhygiene-pour-f-s-a-a-monclar-de-quercy-82","status":"publish","type":"post","link":"https:\/\/www.o-p-i.fr\/parlonsen\/localisation\/au-pays-des-tescous\/monclar\/collecte-de-produits-dhygiene-pour-f-s-a-a-monclar-de-quercy-82\/","title":{"rendered":"Collecte de produits d&rsquo;hygi\u00e8ne pour F.S.A. &#8230;\u00e0 Monclar de Quercy (82)"},"content":{"rendered":"<p data-wp-editing=\"1\">2 points de collecte <!--more--><img data-recalc-dims=\"1\" loading=\"lazy\" decoding=\"async\" class=\"alignright wp-image-44109\" src=\"https:\/\/i0.wp.com\/www.o-p-i.fr\/parlonsen\/wp-content\/uploads\/FSA.jpg?resize=300%2C425&#038;ssl=1\" alt=\"\" width=\"300\" height=\"425\" srcset=\"https:\/\/i0.wp.com\/www.o-p-i.fr\/parlonsen\/wp-content\/uploads\/FSA.jpg?resize=212%2C300&amp;ssl=1 212w, https:\/\/i0.wp.com\/www.o-p-i.fr\/parlonsen\/wp-content\/uploads\/FSA.jpg?resize=106%2C150&amp;ssl=1 106w, https:\/\/i0.wp.com\/www.o-p-i.fr\/parlonsen\/wp-content\/uploads\/FSA.jpg?resize=400%2C567&amp;ssl=1 400w, https:\/\/i0.wp.com\/www.o-p-i.fr\/parlonsen\/wp-content\/uploads\/FSA.jpg?w=425&amp;ssl=1 425w\" sizes=\"auto, (max-width: 300px) 100vw, 300px\" \/>de produits d&rsquo;hygi\u00e8ne, de soin et de beaut\u00e9 par l&rsquo;association <strong>F\u00e9minit\u00e9 Sans Abri<\/strong> \u00e0 Monclar<\/p>\n<p>L&rsquo;association F\u00e9minit\u00e9 Sans Abri (loi 1901) a d\u00e9sormais 2 points de collecte \u00e0 Monclar,<\/p>\n<p>\u00a0\u00bb Les points de collecte des produits d&rsquo;hygi\u00e8ne \u00e0 l&rsquo;attention de personnes en grande pr\u00e9carit\u00e9 sont d\u00e9sormais plac\u00e9s<\/p>\n<ul>\n<li>au cabinet des kin\u00e9s<\/li>\n<li>ainsi qu&rsquo;\u00e0 la mairie de Monclar.<\/li>\n<\/ul>\n<p>Deux bo\u00eetes sont positionn\u00e9es pour recevoir vos dons en produits (gels douche, dentifrices, shampooings,<br \/>\ncouches, brosse \u00e0 dents&#8230;.). Les \u00e9chantillons ou les plus grands formats collect\u00e9s seront ensuite mis dans de petits sacs en tissu confectionn\u00e9s par les membres de l&rsquo;association ou tout autre personne d\u00e9sireuse de nous aider \u00e9galement dans cette t\u00e2che.<br \/>\nMerci \u00e0 ceux qui ont d\u00e9j\u00e0 particip\u00e9 \u00e0 cette collecte \u00e0 la pharmacie Franc\u00e8s.<\/p>\n<p>Vous pourrez d\u00e9poser des produits d&rsquo;hygi\u00e8ne, de soins et de beaut\u00e9 \u00e0 l&rsquo;attention de personnes vivants dans la grande pr\u00e9carit\u00e9.<\/p>\n<p>&nbsp;<\/p>\n<p>Pour plus d&rsquo;informations, le site de l&rsquo;association : <strong><a href=\"http:\/\/feminitesansabri.fr\/\" target=\"_blank\" rel=\"noopener noreferrer\">www.feminitesansabri.fr<\/a><\/strong><\/p>\n<p>et un mail : <strong><a href=\"mailto:domsame@gmail.com\" target=\"_blank\" rel=\"noopener noreferrer\">domsame@gmail.com<\/a><\/strong><\/p>\n<p><em>Informations communiqu\u00e9es par Dominique MEAU<\/em><\/p>\n","protected":false},"excerpt":{"rendered":"<div class=\"mh-excerpt\">2 points de collecte<\/div>\n","protected":false},"author":4,"featured_media":0,"comment_status":"open","ping_status":"open","sticky":false,"template":"","format":"standard","meta":{"om_disable_all_campaigns":false,"advanced_seo_description":"","jetpack_seo_html_title":"","jetpack_seo_noindex":false,"_jetpack_memberships_contains_paid_content":false,"footnotes":"","_links_to":"","_links_to_target":""},"categories":[52,290,16,291,3814],"tags":[143,422,3826,3827,3851,3852],"class_list":{"0":"post-44107","1":"post","2":"type-post","3":"status-publish","4":"format-standard","6":"category-parlons-en","7":"category-entraide","8":"category-monclar","9":"category-solidarite","10":"category-n-165-decembre-2019","11":"tag-monclar-de-quercy","12":"tag-collecte","13":"tag-feminite-sans-abri","14":"tag-produit-dhygiene","15":"tag-kine","16":"tag-mairie-de-monclar"},"jetpack_featured_media_url":"","views":{"total":0,"cached_at":"","cached_date":1738511217},"jetpack_likes_enabled":true,"jetpack_sharing_enabled":true,"jetpack_shortlink":"https:\/\/wp.me\/pg7Wxj-btp","jetpack-related-posts":[],"_links":{"self":[{"href":"https:\/\/www.o-p-i.fr\/parlonsen\/wp-json\/wp\/v2\/posts\/44107","targetHints":{"allow":["GET"]}}],"collection":[{"href":"https:\/\/www.o-p-i.fr\/parlonsen\/wp-json\/wp\/v2\/posts"}],"about":[{"href":"https:\/\/www.o-p-i.fr\/parlonsen\/wp-json\/wp\/v2\/types\/post"}],"author":[{"embeddable":true,"href":"https:\/\/www.o-p-i.fr\/parlonsen\/wp-json\/wp\/v2\/users\/4"}],"replies":[{"embeddable":true,"href":"https:\/\/www.o-p-i.fr\/parlonsen\/wp-json\/wp\/v2\/comments?post=44107"}],"version-history":[{"count":0,"href":"https:\/\/www.o-p-i.fr\/parlonsen\/wp-json\/wp\/v2\/posts\/44107\/revisions"}],"wp:attachment":[{"href":"https:\/\/www.o-p-i.fr\/parlonsen\/wp-json\/wp\/v2\/media?parent=44107"}],"wp:term":[{"taxonomy":"category","embeddable":true,"href":"https:\/\/www.o-p-i.fr\/parlonsen\/wp-json\/wp\/v2\/categories?post=44107"},{"taxonomy":"post_tag","embeddable":true,"href":"https:\/\/www.o-p-i.fr\/parlonsen\/wp-json\/wp\/v2\/tags?post=44107"}],"curies":[{"name":"wp","href":"https:\/\/api.w.org\/{rel}","templated":true}]}}