{"id":44170,"date":"2019-11-08T20:38:25","date_gmt":"2019-11-08T19:38:25","guid":{"rendered":"https:\/\/www.o-p-i.fr\/parlonsen\/?p=44170"},"modified":"2019-11-08T20:43:52","modified_gmt":"2019-11-08T19:43:52","slug":"jy-croix-pas-theatre-a-saint-nauphary-82","status":"publish","type":"post","link":"https:\/\/www.o-p-i.fr\/parlonsen\/localisation\/au-pays-des-tescous\/saint_nauphary\/jy-croix-pas-theatre-a-saint-nauphary-82\/","title":{"rendered":"\u00ab\u00a0J\u2019y croiX pas\u00a0!\u00a0\u00bb, th\u00e9\u00e2tre &#8230;\u00e0 Saint Nauphary (82)"},"content":{"rendered":"<p><strong>Samedi 30 novembre 2019<\/strong>, \u00e0 21h. \u00e0 la salle des f\u00eates.<!--more--><\/p>\n<p><img data-recalc-dims=\"1\" loading=\"lazy\" decoding=\"async\" class=\"alignright size-full wp-image-44171\" src=\"https:\/\/i0.wp.com\/www.o-p-i.fr\/parlonsen\/wp-content\/uploads\/jy-crois-pas.jpg?resize=366%2C325&#038;ssl=1\" alt=\"\" width=\"366\" height=\"325\" srcset=\"https:\/\/i0.wp.com\/www.o-p-i.fr\/parlonsen\/wp-content\/uploads\/jy-crois-pas.jpg?w=366&amp;ssl=1 366w, https:\/\/i0.wp.com\/www.o-p-i.fr\/parlonsen\/wp-content\/uploads\/jy-crois-pas.jpg?resize=300%2C266&amp;ssl=1 300w, https:\/\/i0.wp.com\/www.o-p-i.fr\/parlonsen\/wp-content\/uploads\/jy-crois-pas.jpg?resize=150%2C133&amp;ssl=1 150w\" sizes=\"auto, (max-width: 366px) 100vw, 366px\" \/>L\u2019<a href=\"https:\/\/www.o-p-i.fr\/aupays\/annuaire\/loisirs\/st-nolivres\/\" target=\"_blank\" rel=\"noopener noreferrer\"><strong>association ST NO\u2019LIVRES<\/strong><\/a> est heureuse d\u2019accueillir pour la troisi\u00e8me fois \u00ab\u00a0LES TRETEAUX DE CORBARIEU\u00a0\u00bb le samedi 30 novembre 2019 \u00e0 21h \u00e0 la salle des f\u00eates de Saint-Nauphary.<br \/>\nLa troupe de th\u00e9\u00e2tre interpr\u00e9tera une com\u00e9die tout public, intitul\u00e9e \u00abJ\u2019y croiX pas\u00bb. Com\u00e9die de Noel PIERCY et mise en sc\u00e8ne par St\u00e9phane GALENTIN.<\/p>\n<p>L\u2019histoire se d\u00e9roule dans le couvent de Repentantes, la m\u00e8re sup\u00e9rieure tente de remettre ses bonnes s\u0153urs dans le droit chemin.<br \/>\nJusqu\u2019au jour o\u00f9 Maurice \u00e9vad\u00e9 de prison (se disant innocent) se r\u00e9fugie dans ce couvent.<br \/>\nMais la m\u00e8re sup\u00e9rieure ne ma\u00eetrise plus la situation !<br \/>\nUne pi\u00e8ce riche en rebondissements, o\u00f9 l\u2019on promet de nombreux \u00e9clats de rire !<\/p>\n<p>Com\u00e9die convenant aux enfants.<br \/>\nDur\u00e9e 1h30.<\/p>\n<p>Apr\u00e8s la repr\u00e9sentation th\u00e9\u00e2trale, <a href=\"https:\/\/www.o-p-i.fr\/aupays\/annuaire\/loisirs\/st-nolivres\/\">l&rsquo;association ST NO&rsquo;LIVRES<\/a> vous propose de partager le verre de l&rsquo;amiti\u00e9 avec les com\u00e9diens.<br \/>\nTarif adh\u00e9rents 8\u20ac<br \/>\nTarif adultes 10\u20ac,<br \/>\nTarif enfants de 6 \u00e0 17 ans 5\u20ac,<br \/>\nGratuit pour les enfants de moins de 6 ans.<br \/>\nVente des tickets sur place le 30 novembre 2019 \u00e0 partir de 20H30.<\/p>\n<p><strong>Renseignements<\/strong> au 05 63 67 11 06 ou 06 20 95 42 22<\/p>\n<p><strong><a href=\"https:\/\/www.o-p-i.fr\/aupays\/annuaire\/loisirs\/st-nolivres\/\" target=\"_blank\" rel=\"noopener noreferrer\"><img data-recalc-dims=\"1\" loading=\"lazy\" decoding=\"async\" class=\"alignleft size-full wp-image-34858\" src=\"https:\/\/i0.wp.com\/www.o-p-i.fr\/parlonsen\/wp-content\/uploads\/LOGO-ST-NO-LIVRES.jpg?resize=190%2C100&#038;ssl=1\" alt=\"\" width=\"190\" height=\"100\" srcset=\"https:\/\/i0.wp.com\/www.o-p-i.fr\/parlonsen\/wp-content\/uploads\/LOGO-ST-NO-LIVRES.jpg?w=190&amp;ssl=1 190w, https:\/\/i0.wp.com\/www.o-p-i.fr\/parlonsen\/wp-content\/uploads\/LOGO-ST-NO-LIVRES.jpg?resize=150%2C79&amp;ssl=1 150w\" sizes=\"auto, (max-width: 190px) 100vw, 190px\" \/><\/a>SERNY Isabelle<\/strong><br \/>\n28 Rue des Ecoles<br \/>\n82370 SAINT-NAUPHARY<\/p>\n<p><strong>T\u00e9l. : 05 63 67 11 06<\/strong><\/p>\n<p><em>Information communiqu\u00e9e par Isabelle SERNY<\/em><\/p>\n<p><a href=\"http:\/\/www.o-p-i.fr\/parlonsen\/agenda\/\">Retrouvez tous les \u00e9v\u00e9nements dans l&rsquo;agenda !<\/a><\/p>\n","protected":false},"excerpt":{"rendered":"<div class=\"mh-excerpt\">Samedi 30 novembre 2019, \u00e0 21h. \u00e0 la salle des f\u00eates.<\/div>\n","protected":false},"author":4,"featured_media":0,"comment_status":"open","ping_status":"open","sticky":false,"template":"","format":"standard","meta":{"om_disable_all_campaigns":false,"advanced_seo_description":"","jetpack_seo_html_title":"","jetpack_seo_noindex":false,"_jetpack_memberships_contains_paid_content":false,"footnotes":"","_links_to":"","_links_to_target":""},"categories":[54,17,3788],"tags":[57,697,1049,2608,3039],"class_list":{"0":"post-44170","1":"post","2":"type-post","3":"status-publish","4":"format-standard","6":"category-loisirs","7":"category-saint_nauphary","8":"category-n-164-novembre-2019","9":"tag-theatre","10":"tag-les-treteaux-de-corbarieu","11":"tag-comedie","12":"tag-saint-nauphary","13":"tag-st-no-livres"},"jetpack_featured_media_url":"","views":{"total":0,"cached_at":"","cached_date":1738521020},"jetpack_likes_enabled":true,"jetpack_sharing_enabled":true,"jetpack_shortlink":"https:\/\/wp.me\/pg7Wxj-buq","jetpack-related-posts":[],"_links":{"self":[{"href":"https:\/\/www.o-p-i.fr\/parlonsen\/wp-json\/wp\/v2\/posts\/44170","targetHints":{"allow":["GET"]}}],"collection":[{"href":"https:\/\/www.o-p-i.fr\/parlonsen\/wp-json\/wp\/v2\/posts"}],"about":[{"href":"https:\/\/www.o-p-i.fr\/parlonsen\/wp-json\/wp\/v2\/types\/post"}],"author":[{"embeddable":true,"href":"https:\/\/www.o-p-i.fr\/parlonsen\/wp-json\/wp\/v2\/users\/4"}],"replies":[{"embeddable":true,"href":"https:\/\/www.o-p-i.fr\/parlonsen\/wp-json\/wp\/v2\/comments?post=44170"}],"version-history":[{"count":0,"href":"https:\/\/www.o-p-i.fr\/parlonsen\/wp-json\/wp\/v2\/posts\/44170\/revisions"}],"wp:attachment":[{"href":"https:\/\/www.o-p-i.fr\/parlonsen\/wp-json\/wp\/v2\/media?parent=44170"}],"wp:term":[{"taxonomy":"category","embeddable":true,"href":"https:\/\/www.o-p-i.fr\/parlonsen\/wp-json\/wp\/v2\/categories?post=44170"},{"taxonomy":"post_tag","embeddable":true,"href":"https:\/\/www.o-p-i.fr\/parlonsen\/wp-json\/wp\/v2\/tags?post=44170"}],"curies":[{"name":"wp","href":"https:\/\/api.w.org\/{rel}","templated":true}]}}