{"id":44188,"date":"2019-11-13T23:35:53","date_gmt":"2019-11-13T22:35:53","guid":{"rendered":"https:\/\/www.o-p-i.fr\/parlonsen\/?p=44188"},"modified":"2025-11-10T15:57:45","modified_gmt":"2025-11-10T14:57:45","slug":"cinemonclar-le-programme-du-vendredi-22-novembre-au-mardi-17-decembre-2019-a-monclar-de-quercy","status":"publish","type":"post","link":"https:\/\/www.o-p-i.fr\/parlonsen\/localisation\/au-pays-des-tescous\/monclar\/cinemonclar-le-programme-du-vendredi-22-novembre-au-mardi-17-decembre-2019-a-monclar-de-quercy\/","title":{"rendered":"Cin\u00e9Monclar, le programme du vendredi 22 novembre au mardi 17 d\u00e9cembre  2019 ..\u00e0 Monclar de Quercy"},"content":{"rendered":"<div><span style=\"font-size: small;\">Cin\u00e9monclar propose:<\/span><\/div>\r\n<p><!--more--> <strong>Vendredi 22 Novembre 2019<\/strong> <br \/>HORS NORMES \u00e0 20h30\u00a0 <span style=\"font-size: small;\">\u00a0<a href=\"http:\/\/www.allocine.fr\/video\/player_gen_cmedia=19582656&amp;cfilm=265905.html\" target=\"_blank\" rel=\"noopener noreferrer\"><em>Pour voir la <\/em><em>bande<\/em><em> annonce, cliquez<\/em><\/a><\/span><\/p>\r\n<p><strong>Dimanche 24 Novembre 2019<\/strong> <br \/>ABOMINABLE \u00e0 15h \u00a0 <span style=\"font-size: small;\">\u00a0<a href=\"http:\/\/www.allocine.fr\/video\/player_gen_cmedia=19582549&amp;cfilm=252234.html\" target=\"_blank\" rel=\"noopener noreferrer\"><em>Pour voir la <\/em><em>bande<\/em><em> annonce, cliquez<\/em><\/a><\/span> <br \/>J&rsquo;AI PERDU MON CORPS \u00e0 17h \u00a0 <span style=\"font-size: small;\">\u00a0<a href=\"http:\/\/www.allocine.fr\/video\/player_gen_cmedia=19585856&amp;cfilm=227493.html\" target=\"_blank\" rel=\"noopener noreferrer\"><em>Pour voir la <\/em><em>bande<\/em><em> annonce, cliquez<\/em><\/a><\/span><\/p>\r\n<p><strong>Mardi 26 Novembre 2019<\/strong> <br \/>MARTIN EDEN (VO) \u00e0 20h30 \u00a0 <a href=\"http:\/\/www.allocine.fr\/video\/player_gen_cmedia=19585568&amp;cfilm=271957.html\" target=\"_blank\" rel=\"noopener noreferrer\"><span style=\"font-size: small;\">\u00a0<em>Pour voir la <\/em><em>bande<\/em><em> annonce, cliquez<\/em><\/span><\/a><\/p>\r\n<p><strong>Vendredi 29 Novembre 2019<\/strong> <br \/>MAL\u00c9FIQUE: LE POUVOIR DU MAL \u00e0 20h.30 \u00a0 <span style=\"font-size: small;\">\u00a0<a href=\"http:\/\/www.allocine.fr\/video\/player_gen_cmedia=19583882&amp;cfilm=238623.html\" target=\"_blank\" rel=\"noopener noreferrer\"><em>Pour voir la <\/em><em>bande<\/em><em> annonce, cliquez<\/em><\/a><\/span><\/p>\r\n<p><strong>Dimanche 1er D\u00e9cembre 2019<\/strong> <br \/>LA GRANDE CAVALE \u00e0 15h \u00a0 <span style=\"font-size: small;\">\u00a0<a href=\"http:\/\/www.allocine.fr\/video\/player_gen_cmedia=19584679&amp;cfilm=259646.html\" target=\"_blank\" rel=\"noopener noreferrer\"><em>Pour voir la <\/em><em>bande<\/em><em> annonce, cliquez<\/em><\/a><\/span> <br \/>DEMAIN EST A NOUS \u00e0 16h45 \u00a0 <span style=\"font-size: small;\">\u00a0<a href=\"http:\/\/www.allocine.fr\/video\/player_gen_cmedia=19584865&amp;cfilm=270327.html\" target=\"_blank\" rel=\"noopener noreferrer\"><em>Pour voir la <\/em><em>bande<\/em><em> annonce, cliquez<\/em><\/a><\/span><\/p>\r\n<p><strong>Mardi 3 d\u00e9cembre 2019<\/strong> <br \/>LE TRAITRE (VO) \u00e0 20h30 \u00a0 <span style=\"font-size: small;\">\u00a0<a href=\"http:\/\/www.allocine.fr\/video\/player_gen_cmedia=19585524&amp;cfilm=259340.html\" target=\"_blank\" rel=\"noopener noreferrer\"><em>Pour voir la <\/em><em>bande<\/em><em> annonce, cliquez<\/em><\/a><\/span><\/p>\r\n<p><strong>Vendredi 6 d\u00e9cembre 2019<\/strong> <br \/>J&rsquo;ACCUSE \u00e0 20h30 \u00a0 <span style=\"font-size: small;\">\u00a0<a href=\"http:\/\/www.allocine.fr\/video\/player_gen_cmedia=19585001&amp;cfilm=229982.html\" target=\"_blank\" rel=\"noopener noreferrer\"><em>Pour voir la <\/em><em>bande<\/em><em> annonce, cliquez<\/em><\/a><\/span><\/p>\r\n<p><strong>Dimanche 8 D\u00e9cembre 2019<\/strong> <br \/>LE VOYAGE DANS LA LUNE \u00e0 15h \u00a0 <span style=\"font-size: small;\">\u00a0<a href=\"http:\/\/www.allocine.fr\/video\/player_gen_cmedia=19584666&amp;cfilm=272974.html\" target=\"_blank\" rel=\"noopener noreferrer\"><em>Pour voir la <\/em><em>bande<\/em><em> annonce, cliquez<\/em><\/a><\/span> <br \/>UN MONDE PLUS GRAND \u00e0 16h30 \u00a0 <span style=\"font-size: small;\">\u00a0<a href=\"http:\/\/www.allocine.fr\/video\/player_gen_cmedia=19584471&amp;cfilm=258264.html\" target=\"_blank\" rel=\"noopener noreferrer\"><em>Pour voir la <\/em><em>bande<\/em><em> annonce, cliquez<\/em><\/a><\/span><\/p>\r\n<p><strong>Mardi 10 d\u00e9cembre 2019<\/strong> <br \/>ADULTS IN THE ROOM (VO) \u00e0 20h30 \u00a0 <span style=\"font-size: small;\">\u00a0<a href=\"http:\/\/www.allocine.fr\/video\/player_gen_cmedia=19585410&amp;cfilm=272251.html\" target=\"_blank\" rel=\"noopener noreferrer\"><em>Pour voir la <\/em><em>bande<\/em><em> annonce, cliquez<\/em><\/a><\/span><\/p>\r\n<p><strong>Vendredi 13 d\u00e9cembre 2019<\/strong> <br \/>MON CHIEN STUPIDE \u00e0 20h30 \u00a0 <span style=\"font-size: small;\">\u00a0<a href=\"http:\/\/www.allocine.fr\/video\/player_gen_cmedia=19584470&amp;cfilm=266043.html\" target=\"_blank\" rel=\"noopener noreferrer\"><em>Pour voir la <\/em><em>bande<\/em><em> annonce, cliquez<\/em><\/a><\/span><\/p>\r\n<p><strong>Dimanche 15 D\u00e9cembre 2019<\/strong> <br \/>ZIBILLA OU LA VIE Z\u00c9BR\u00c9E \u00e0 15h \u00a0 <span style=\"font-size: small;\">\u00a0<a href=\"http:\/\/www.allocine.fr\/video\/player_gen_cmedia=19584544&amp;cfilm=273734.html\" target=\"_blank\" rel=\"noopener noreferrer\"><em>Pour voir la <\/em><em>bande<\/em><em> annonce, cliquez<\/em><\/a><\/span> <br \/>LA BELLE \u00c9POQUE \u00e0 16h15 \u00a0 <a href=\"http:\/\/www.allocine.fr\/video\/player_gen_cmedia=19585425&amp;cfilm=267228.html\" target=\"_blank\" rel=\"noopener noreferrer\"><span style=\"font-size: small;\">\u00a0<em>Pour voir la <\/em><em>bande<\/em><em> annonce, cliquez<\/em><\/span><\/a><\/p>\r\n<p><strong>Mardi 17 d\u00e9cembre 2019\u00a0<\/strong> <br \/>LITTLE JOE (VO) \u00e0 20h30 \u00a0 <span style=\"font-size: small;\">\u00a0<a href=\"http:\/\/www.allocine.fr\/video\/player_gen_cmedia=19584612&amp;cfilm=271955.html\" target=\"_blank\" rel=\"noopener noreferrer\"><em>Pour voir la <\/em><em>bande<\/em><em> annonce, cliquez<\/em><\/a><\/span><\/p>\r\n<p><span style=\"color: #ff0000;\"><strong>Attention<\/strong><\/span>, le second film du dimanche n&rsquo;est pas toujours \u00e0 la m\u00eame heure&#8230; \u00a0<\/p>\r\n<div>Pour t\u00e9l\u00e9charger le programme illustr\u00e9, cliquez: <strong>\u00a0<a href=\"https:\/\/www.o-p-i.fr\/parlonsen\/wp-content\/uploads\/Num\u00e9rique-83.pdf\">Num\u00e9rique 83<\/a><\/strong><\/div>\r\n<div>\r\n<div><em>Information communiqu\u00e9e par Jacques TREPAGNY <\/em><\/div>\r\n<div><!-- \/wp:post-content -->\r\n\r\n<!-- wp:paragraph --><a href=\"https:\/\/www.o-p-i.fr\/parlonsen\/agenda\/\">Retrouvez tous les \u00e9v\u00e9nements dans l&rsquo;agenda !<\/a><\/div>\r\n<\/div>","protected":false},"excerpt":{"rendered":"<div class=\"mh-excerpt\">Cin\u00e9monclar propose:<\/div>\n","protected":false},"author":4,"featured_media":0,"comment_status":"open","ping_status":"open","sticky":false,"template":"","format":"standard","meta":{"om_disable_all_campaigns":false,"advanced_seo_description":"","jetpack_seo_html_title":"","jetpack_seo_noindex":false,"_jetpack_memberships_contains_paid_content":false,"footnotes":"","_links_to":"","_links_to_target":""},"categories":[52,16,54,3788,3814],"tags":[3571,143,1768,1833,2998,3057],"class_list":{"0":"post-44188","1":"post","2":"type-post","3":"status-publish","4":"format-standard","6":"category-parlons-en","7":"category-monclar","8":"category-loisirs","9":"category-n-164-novembre-2019","10":"category-n-165-decembre-2019","11":"tag-amis-du-cinema","12":"tag-monclar-de-quercy","13":"tag-cinemonclar","14":"tag-programme-cinema","15":"tag-cine-monclar","16":"tag-bandes-annonces"},"jetpack_featured_media_url":"","views":{"total":0,"cached_at":"","cached_date":1738509086},"jetpack_likes_enabled":true,"jetpack_sharing_enabled":true,"jetpack_shortlink":"https:\/\/wp.me\/pg7Wxj-buI","jetpack-related-posts":[],"_links":{"self":[{"href":"https:\/\/www.o-p-i.fr\/parlonsen\/wp-json\/wp\/v2\/posts\/44188","targetHints":{"allow":["GET"]}}],"collection":[{"href":"https:\/\/www.o-p-i.fr\/parlonsen\/wp-json\/wp\/v2\/posts"}],"about":[{"href":"https:\/\/www.o-p-i.fr\/parlonsen\/wp-json\/wp\/v2\/types\/post"}],"author":[{"embeddable":true,"href":"https:\/\/www.o-p-i.fr\/parlonsen\/wp-json\/wp\/v2\/users\/4"}],"replies":[{"embeddable":true,"href":"https:\/\/www.o-p-i.fr\/parlonsen\/wp-json\/wp\/v2\/comments?post=44188"}],"version-history":[{"count":1,"href":"https:\/\/www.o-p-i.fr\/parlonsen\/wp-json\/wp\/v2\/posts\/44188\/revisions"}],"predecessor-version":[{"id":67375,"href":"https:\/\/www.o-p-i.fr\/parlonsen\/wp-json\/wp\/v2\/posts\/44188\/revisions\/67375"}],"wp:attachment":[{"href":"https:\/\/www.o-p-i.fr\/parlonsen\/wp-json\/wp\/v2\/media?parent=44188"}],"wp:term":[{"taxonomy":"category","embeddable":true,"href":"https:\/\/www.o-p-i.fr\/parlonsen\/wp-json\/wp\/v2\/categories?post=44188"},{"taxonomy":"post_tag","embeddable":true,"href":"https:\/\/www.o-p-i.fr\/parlonsen\/wp-json\/wp\/v2\/tags?post=44188"}],"curies":[{"name":"wp","href":"https:\/\/api.w.org\/{rel}","templated":true}]}}