{"id":44210,"date":"2019-11-14T14:40:24","date_gmt":"2019-11-14T13:40:24","guid":{"rendered":"https:\/\/www.o-p-i.fr\/parlonsen\/?p=44210"},"modified":"2025-11-08T10:38:08","modified_gmt":"2025-11-08T09:38:08","slug":"soiree-courts-metrages-a-salvagnac-81","status":"publish","type":"post","link":"https:\/\/www.o-p-i.fr\/parlonsen\/localisation\/au-pays-des-tescous\/salvagnac\/soiree-courts-metrages-a-salvagnac-81\/","title":{"rendered":"Soir\u00e9e courts m\u00e9trages&#8230; \u00e0 Salvagnac (81)"},"content":{"rendered":"<p><strong>Vendredi 15 novembre 2019<\/strong>, d\u00e8s 19h. au Caf\u00e9 Au Bord du Monde<!--more--><img data-recalc-dims=\"1\" loading=\"lazy\" decoding=\"async\" class=\"alignright size-medium wp-image-44212\" src=\"https:\/\/i0.wp.com\/www.o-p-i.fr\/parlonsen\/wp-content\/uploads\/court-m.jpg?resize=249%2C300&#038;ssl=1\" alt=\"\" width=\"249\" height=\"300\" srcset=\"https:\/\/i0.wp.com\/www.o-p-i.fr\/parlonsen\/wp-content\/uploads\/court-m.jpg?resize=249%2C300&amp;ssl=1 249w, https:\/\/i0.wp.com\/www.o-p-i.fr\/parlonsen\/wp-content\/uploads\/court-m.jpg?resize=124%2C150&amp;ssl=1 124w, https:\/\/i0.wp.com\/www.o-p-i.fr\/parlonsen\/wp-content\/uploads\/court-m.jpg?resize=400%2C482&amp;ssl=1 400w, https:\/\/i0.wp.com\/www.o-p-i.fr\/parlonsen\/wp-content\/uploads\/court-m.jpg?w=433&amp;ssl=1 433w\" sizes=\"auto, (max-width: 249px) 100vw, 249px\" \/>Brrrr&#8230; c&rsquo;est l&rsquo;hiver qui d\u00e9marre avant l&rsquo;heure, les pulls s&rsquo;enfilent, les champignons se cachent dans les bois, les feux de chemin\u00e9es cr\u00e9pitent et les chauffages se rallument.<\/p>\n<p>Venez donc vous r\u00e9chauffer au caf\u00e9 en profitant d&rsquo;une belle soir\u00e9e de courts m\u00e9trages s\u00e9lectionn\u00e9s pendant toute l&rsquo;ann\u00e9e 2019, vous pourrez m\u00eame y go\u00fbter la pot\u00e9e hivernale (choux, pommes de terre, carottes, saucisses, etc&#8230; &#8211; y&rsquo;en aura aussi pour les v\u00e9g\u00e9tariens) concoct\u00e9e pour l&rsquo;occasion.<\/p>\n<p>Soir\u00e9e courts m\u00e9trages, en partenariat avec Caravan, nous accueillons au Caf\u00e9 Au Bord du Monde: pour la projection de la s\u00e9lection finale du Prix du public !<\/p>\n<p>Vous pouvez venir vous restaurer d\u00e8s 19h (6,50\u20ac)<br \/>\nprojection \u00e0 21h !<\/p>\n<p><img data-recalc-dims=\"1\" loading=\"lazy\" decoding=\"async\" class=\"wp-image-31958 size-full\" src=\"https:\/\/i0.wp.com\/www.o-p-i.fr\/parlonsen\/wp-content\/uploads\/Lumen.jpg?resize=222%2C64&#038;ssl=1\" alt=\"Lumen&amp;Co\" width=\"222\" height=\"64\" srcset=\"https:\/\/i0.wp.com\/www.o-p-i.fr\/parlonsen\/wp-content\/uploads\/Lumen.jpg?w=222&amp;ssl=1 222w, https:\/\/i0.wp.com\/www.o-p-i.fr\/parlonsen\/wp-content\/uploads\/Lumen.jpg?resize=150%2C43&amp;ssl=1 150w\" sizes=\"auto, (max-width: 222px) 100vw, 222px\" \/><\/p>\n<p><em>Information communiqu\u00e9e par Cyril<\/em><\/p>\n<p><a href=\"http:\/\/www.o-p-i.fr\/parlonsen\/agenda\/\">Retrouvez tous les \u00e9v\u00e9nements dans l&rsquo;agenda !<\/a><\/p>\n<p>&nbsp;<\/p>\n","protected":false},"excerpt":{"rendered":"<div class=\"mh-excerpt\">Vendredi 15 novembre 2019, d\u00e8s 19h. au Caf\u00e9 Au Bord du Monde<\/div>\n","protected":false},"author":4,"featured_media":0,"comment_status":"open","ping_status":"open","sticky":false,"template":"","format":"standard","meta":{"om_disable_all_campaigns":false,"advanced_seo_description":"","jetpack_seo_html_title":"","jetpack_seo_noindex":false,"_jetpack_memberships_contains_paid_content":false,"footnotes":"","_links_to":"","_links_to_target":""},"categories":[52,54,25,3788],"tags":[2548,157,2113,3830,3903],"class_list":{"0":"post-44210","1":"post","2":"type-post","3":"status-publish","4":"format-standard","6":"category-parlons-en","7":"category-loisirs","8":"category-salvagnac","9":"category-n-164-novembre-2019","10":"tag-salvagnac","11":"tag-repas","12":"tag-court-metrage","13":"tag-cafe-au-bord-du-monde","14":"tag-karavane"},"jetpack_featured_media_url":"","views":{"total":0,"cached_at":"","cached_date":1738511942},"jetpack_likes_enabled":true,"jetpack_sharing_enabled":true,"jetpack_shortlink":"https:\/\/wp.me\/pg7Wxj-bv4","jetpack-related-posts":[],"_links":{"self":[{"href":"https:\/\/www.o-p-i.fr\/parlonsen\/wp-json\/wp\/v2\/posts\/44210","targetHints":{"allow":["GET"]}}],"collection":[{"href":"https:\/\/www.o-p-i.fr\/parlonsen\/wp-json\/wp\/v2\/posts"}],"about":[{"href":"https:\/\/www.o-p-i.fr\/parlonsen\/wp-json\/wp\/v2\/types\/post"}],"author":[{"embeddable":true,"href":"https:\/\/www.o-p-i.fr\/parlonsen\/wp-json\/wp\/v2\/users\/4"}],"replies":[{"embeddable":true,"href":"https:\/\/www.o-p-i.fr\/parlonsen\/wp-json\/wp\/v2\/comments?post=44210"}],"version-history":[{"count":1,"href":"https:\/\/www.o-p-i.fr\/parlonsen\/wp-json\/wp\/v2\/posts\/44210\/revisions"}],"predecessor-version":[{"id":66943,"href":"https:\/\/www.o-p-i.fr\/parlonsen\/wp-json\/wp\/v2\/posts\/44210\/revisions\/66943"}],"wp:attachment":[{"href":"https:\/\/www.o-p-i.fr\/parlonsen\/wp-json\/wp\/v2\/media?parent=44210"}],"wp:term":[{"taxonomy":"category","embeddable":true,"href":"https:\/\/www.o-p-i.fr\/parlonsen\/wp-json\/wp\/v2\/categories?post=44210"},{"taxonomy":"post_tag","embeddable":true,"href":"https:\/\/www.o-p-i.fr\/parlonsen\/wp-json\/wp\/v2\/tags?post=44210"}],"curies":[{"name":"wp","href":"https:\/\/api.w.org\/{rel}","templated":true}]}}