{"id":4429,"date":"2010-07-10T21:17:35","date_gmt":"2010-07-10T19:17:35","guid":{"rendered":"\/parlonsen\/?p=4429"},"modified":"2010-07-10T21:17:50","modified_gmt":"2010-07-10T19:17:50","slug":"grand-vide-grenier-du-14-juillet-a-genebrieres","status":"publish","type":"post","link":"https:\/\/www.o-p-i.fr\/parlonsen\/parlons-en\/commerce\/grand-vide-grenier-du-14-juillet-a-genebrieres\/","title":{"rendered":"Grand Vide-Grenier du 14 Juillet&#8230; \u00e0 G\u00e9n\u00e9bri\u00e8res"},"content":{"rendered":"<p><span style=\"color: #333399;\"><strong>Grand Vide-Grenier<\/strong><\/span> organis\u00e9 par le Club des A\u00een\u00e9s \u00a0\u00bb La Concorde \u00a0\u00bb ce <span style=\"color: #333399;\"><strong>Mercredi 14 Juillet <\/strong><\/span>2010 \u00e0 G\u00e9n\u00e9bri\u00e8res<!--more-->, sur la Place du Village de 8h \u00e0 19h<\/p>\n<p>Restauration et buvette sur place.<br \/>\n<strong><br \/>\n<span style=\"color: #333399;\">Contact : Club des A\u00een\u00e9s<\/span><\/strong><span style=\"color: #333399;\"><br \/>\nT\u00e9l. : 05 63 30 45 85<br \/>\nT\u00e9l. : 05 63 30 41 82<\/span><\/p>\n<p><span style=\"color: #333399;\">Communiqu\u00e9 de l&rsquo;Office du Tourisme du Quercy Vert<br \/>\n<\/span><br \/>\n<a href=\"https:\/\/www.o-p-i.fr\/parlonsen\/agenda\/\"><strong>Retrouvez tous les \u00e9v\u00e8nements dans l&rsquo;agenda !<\/strong><\/a><\/p>\n","protected":false},"excerpt":{"rendered":"<div class=\"mh-excerpt\">Grand Vide-Grenier organis\u00e9 par le Club des A\u00een\u00e9s \u00a0\u00bb La Concorde \u00a0\u00bb ce Mercredi 14 Juillet 2010 \u00e0 G\u00e9n\u00e9bri\u00e8res<\/div>\n","protected":false},"author":2,"featured_media":0,"comment_status":"open","ping_status":"open","sticky":false,"template":"","format":"standard","meta":{"om_disable_all_campaigns":false,"advanced_seo_description":"","jetpack_seo_html_title":"","jetpack_seo_noindex":false,"_jetpack_memberships_contains_paid_content":false,"footnotes":"","_links_to":"","_links_to_target":""},"categories":[4,29,54,604],"tags":[2552],"class_list":{"0":"post-4429","1":"post","2":"type-post","3":"status-publish","4":"format-standard","6":"category-commerce","7":"category-genebrieres","8":"category-loisirs","9":"category-n-51-juillet-2010","10":"tag-genebrieres"},"jetpack_featured_media_url":"","views":{"total":0,"cached_at":"","cached_date":1738472317},"jetpack_likes_enabled":true,"jetpack_sharing_enabled":true,"jetpack_shortlink":"https:\/\/wp.me\/pg7Wxj-19r","jetpack-related-posts":[],"_links":{"self":[{"href":"https:\/\/www.o-p-i.fr\/parlonsen\/wp-json\/wp\/v2\/posts\/4429","targetHints":{"allow":["GET"]}}],"collection":[{"href":"https:\/\/www.o-p-i.fr\/parlonsen\/wp-json\/wp\/v2\/posts"}],"about":[{"href":"https:\/\/www.o-p-i.fr\/parlonsen\/wp-json\/wp\/v2\/types\/post"}],"author":[{"embeddable":true,"href":"https:\/\/www.o-p-i.fr\/parlonsen\/wp-json\/wp\/v2\/users\/2"}],"replies":[{"embeddable":true,"href":"https:\/\/www.o-p-i.fr\/parlonsen\/wp-json\/wp\/v2\/comments?post=4429"}],"version-history":[{"count":0,"href":"https:\/\/www.o-p-i.fr\/parlonsen\/wp-json\/wp\/v2\/posts\/4429\/revisions"}],"wp:attachment":[{"href":"https:\/\/www.o-p-i.fr\/parlonsen\/wp-json\/wp\/v2\/media?parent=4429"}],"wp:term":[{"taxonomy":"category","embeddable":true,"href":"https:\/\/www.o-p-i.fr\/parlonsen\/wp-json\/wp\/v2\/categories?post=4429"},{"taxonomy":"post_tag","embeddable":true,"href":"https:\/\/www.o-p-i.fr\/parlonsen\/wp-json\/wp\/v2\/tags?post=4429"}],"curies":[{"name":"wp","href":"https:\/\/api.w.org\/{rel}","templated":true}]}}