{"id":44297,"date":"2019-11-22T06:02:24","date_gmt":"2019-11-22T05:02:24","guid":{"rendered":"https:\/\/www.o-p-i.fr\/parlonsen\/?p=44297"},"modified":"2019-11-22T07:10:08","modified_gmt":"2019-11-22T06:10:08","slug":"stage-de-batucada-a-genebrieres-82","status":"publish","type":"post","link":"https:\/\/www.o-p-i.fr\/parlonsen\/localisation\/au-pays-des-tescous\/genebrieres\/stage-de-batucada-a-genebrieres-82\/","title":{"rendered":"Stage de Batucada&#8230;. \u00e0 Genebri\u00e8res (82)"},"content":{"rendered":"<p><strong>Samedi 30 novembre 2019<\/strong>, de 10h.30 \u00e0 17 h.<!--more--><\/p>\n<p><img data-recalc-dims=\"1\" loading=\"lazy\" decoding=\"async\" class=\"alignright wp-image-44298\" src=\"https:\/\/i0.wp.com\/www.o-p-i.fr\/parlonsen\/wp-content\/uploads\/B-atucada.jpg?resize=400%2C136&#038;ssl=1\" alt=\"\" width=\"400\" height=\"136\" srcset=\"https:\/\/i0.wp.com\/www.o-p-i.fr\/parlonsen\/wp-content\/uploads\/B-atucada.jpg?w=289&amp;ssl=1 289w, https:\/\/i0.wp.com\/www.o-p-i.fr\/parlonsen\/wp-content\/uploads\/B-atucada.jpg?resize=150%2C51&amp;ssl=1 150w\" sizes=\"auto, (max-width: 400px) 100vw, 400px\" \/>Stage de Batucada avec Thiery Sonterra le\u00a0 \u00e0 Genebri\u00e8res.<br \/>\nNiveaux d\u00e9butant, interm\u00e9diaire.<br \/>\nL<a href=\"https:\/\/www.chacunsonrythme82.com\/\" target=\"_blank\" rel=\"noopener noreferrer\"><strong>&lsquo;association Chacun Son Rythme<\/strong> <\/a>vous propose de d\u00e9couvrir les percussions br\u00e9siliennes ou de vous perfectionner en pratiquant les rythmes Afro-Br\u00e9siliens de Salvador de Bahia . Vous serez les acteurs de cette fr\u00e9n\u00e9sie musicale qui caract\u00e9risent les carnavals br\u00e9siliens et vous \u00e9tudierez les instruments qui les composent (Surdos, r\u00e9pinique, caixa, agog\u00f4, timbau) ainsi que les rythmes phares du samba reggae et et de l&rsquo;afro samba.<br \/>\nThiery Sonterra est un musicien passionn\u00e9 qui vous conduira avec g\u00e9n\u00e9rosit\u00e9 dans cet univers musical afro-br\u00e9silien qu&rsquo;il a rencontr\u00e9 pour la premi\u00e8re fois en 1990 \u00e0 Rio de Janeiro. Depuis ce jour, il baigne dans cet oc\u00e9an artistique o\u00f9 il \u00e9tudie avec les plus grands maitres de la percussion Br\u00e9silienne tels que Mestre Gordo (Cortejo Afro),Yuri Passos (Marienne de Castro), Mario Pam (Il\u00ea Aiy\u00ea), Mestre M\u00e9m\u00e9u (Olodum), Nilo da Portela ( GRES Portela),ect&#8230;.<br \/>\n<strong>Les horaires<\/strong> : 10H30\/17H pause repas partag\u00e9 1H<br \/>\n<strong>Tarifs<\/strong> \/ non adh\u00e9rents : 20\u20ac adh\u00e9rents : 10\u20ac<br \/>\n<strong>Inscriptions<\/strong> : 07 83 28 44 37 Mail : <a href=\"mailto:infocsr82@gmail.com\" target=\"_blank\" rel=\"noopener noreferrer\">infocsr82@gmail.com<\/a><\/p>\n<p><em>Information communiqu\u00e9e par Thiery SONTERRA<\/em><\/p>\n<p><a href=\"http:\/\/www.o-p-i.fr\/parlonsen\/agenda\/\">Retrouvez tous les \u00e9v\u00e9nements dans l&rsquo;agenda !<\/a><\/p>\n","protected":false},"excerpt":{"rendered":"<div class=\"mh-excerpt\">Samedi 30 novembre 2019, de 10h.30 \u00e0 17 h.<\/div>\n","protected":false},"author":4,"featured_media":0,"comment_status":"open","ping_status":"open","sticky":false,"template":"","format":"standard","meta":{"om_disable_all_campaigns":false,"advanced_seo_description":"","jetpack_seo_html_title":"","jetpack_seo_noindex":false,"_jetpack_memberships_contains_paid_content":false,"footnotes":"","_links_to":"","_links_to_target":""},"categories":[29,725,54,3788],"tags":[2552,195,917,2919],"class_list":{"0":"post-44297","1":"post","2":"type-post","3":"status-publish","4":"format-standard","6":"category-genebrieres","7":"category-formation-parlons-en","8":"category-loisirs","9":"category-n-164-novembre-2019","10":"tag-genebrieres","11":"tag-stage","12":"tag-batucada","13":"tag-chacun-son-rythme"},"jetpack_featured_media_url":"","views":{"total":0,"cached_at":"","cached_date":1738466151},"jetpack_likes_enabled":true,"jetpack_sharing_enabled":true,"jetpack_shortlink":"https:\/\/wp.me\/pg7Wxj-bwt","jetpack-related-posts":[],"_links":{"self":[{"href":"https:\/\/www.o-p-i.fr\/parlonsen\/wp-json\/wp\/v2\/posts\/44297","targetHints":{"allow":["GET"]}}],"collection":[{"href":"https:\/\/www.o-p-i.fr\/parlonsen\/wp-json\/wp\/v2\/posts"}],"about":[{"href":"https:\/\/www.o-p-i.fr\/parlonsen\/wp-json\/wp\/v2\/types\/post"}],"author":[{"embeddable":true,"href":"https:\/\/www.o-p-i.fr\/parlonsen\/wp-json\/wp\/v2\/users\/4"}],"replies":[{"embeddable":true,"href":"https:\/\/www.o-p-i.fr\/parlonsen\/wp-json\/wp\/v2\/comments?post=44297"}],"version-history":[{"count":0,"href":"https:\/\/www.o-p-i.fr\/parlonsen\/wp-json\/wp\/v2\/posts\/44297\/revisions"}],"wp:attachment":[{"href":"https:\/\/www.o-p-i.fr\/parlonsen\/wp-json\/wp\/v2\/media?parent=44297"}],"wp:term":[{"taxonomy":"category","embeddable":true,"href":"https:\/\/www.o-p-i.fr\/parlonsen\/wp-json\/wp\/v2\/categories?post=44297"},{"taxonomy":"post_tag","embeddable":true,"href":"https:\/\/www.o-p-i.fr\/parlonsen\/wp-json\/wp\/v2\/tags?post=44297"}],"curies":[{"name":"wp","href":"https:\/\/api.w.org\/{rel}","templated":true}]}}