{"id":44321,"date":"2019-11-23T16:42:49","date_gmt":"2019-11-23T15:42:49","guid":{"rendered":"https:\/\/www.o-p-i.fr\/parlonsen\/?p=44321"},"modified":"2019-11-23T16:42:49","modified_gmt":"2019-11-23T15:42:49","slug":"fete-des-lumieres-a-monclar-de-quercy-82-2","status":"publish","type":"post","link":"https:\/\/www.o-p-i.fr\/parlonsen\/localisation\/au-pays-des-tescous\/monclar\/fete-des-lumieres-a-monclar-de-quercy-82-2\/","title":{"rendered":"\u00abF\u00eate des Lumi\u00e8res\u00bb&#8230; \u00e0  Monclar de Quercy (82)"},"content":{"rendered":"<p><strong>Samedi 21 d\u00e9cembre 2019<\/strong>, \u00e0 partir de 19 h. salle polyvalente des 3 lacs. <!--more--><img data-recalc-dims=\"1\" loading=\"lazy\" decoding=\"async\" class=\"alignright wp-image-44322\" src=\"https:\/\/i0.wp.com\/www.o-p-i.fr\/parlonsen\/wp-content\/uploads\/f%C3%AAte-lumi%C3%A8re.jpg?resize=375%2C505&#038;ssl=1\" alt=\"\" width=\"375\" height=\"505\" srcset=\"https:\/\/i0.wp.com\/www.o-p-i.fr\/parlonsen\/wp-content\/uploads\/f%C3%AAte-lumi%C3%A8re.jpg?w=425&amp;ssl=1 425w, https:\/\/i0.wp.com\/www.o-p-i.fr\/parlonsen\/wp-content\/uploads\/f%C3%AAte-lumi%C3%A8re.jpg?resize=223%2C300&amp;ssl=1 223w, https:\/\/i0.wp.com\/www.o-p-i.fr\/parlonsen\/wp-content\/uploads\/f%C3%AAte-lumi%C3%A8re.jpg?resize=111%2C150&amp;ssl=1 111w, https:\/\/i0.wp.com\/www.o-p-i.fr\/parlonsen\/wp-content\/uploads\/f%C3%AAte-lumi%C3%A8re.jpg?resize=400%2C538&amp;ssl=1 400w\" sizes=\"auto, (max-width: 375px) 100vw, 375px\" \/>C\u2019est la deuxi\u00e8me \u00e9dition de notre \u00ab F\u00eate des Lumi\u00e8res \u00bb qui aura lieu \u00e0 la salle polyvalente des Trois Lacs de Monclar de Quercy le 21 d\u00e9cembre 2019 \u00e0 partir de 19 heures.<\/p>\n<ul>\n<li>Restaurations sal\u00e9es et sucr\u00e9es, (pizzas, g\u00e2teaux maison, cr\u00eapes),<\/li>\n<li>boissons chaudes,<\/li>\n<li>spectacle \u00e9questre et autres r\u00e9jouissances pour le plaisir des petits et des grands!<\/li>\n<\/ul>\n<p>Tarif: adultes 4 \u20acuros<br \/>\nenfants 2 \u20acuros<\/p>\n<p>Soyez les bienvenu(e)s! Venez nombreux et nombreuses!<\/p>\n<p>R\u00e9servation conseill\u00e9e mais non obligatoire avant le 20 d\u00e9cembre 2019<br \/>\nT\u00e9l:\u00a0 06 78 78 76 46<br \/>\nL&rsquo;association \u00ab\u00a0Forme en Occitanie\u00a0\u00bb. \u00a0\u00bb<\/p>\n<p>&nbsp;<\/p>\n<p>Information communiqu\u00e9e par V\u00e9ronique HALSEY<\/p>\n<p><a href=\"http:\/\/www.o-p-i.fr\/parlonsen\/agenda\/\">Retrouvez tous les \u00e9v\u00e9nements dans l&rsquo;agenda !<\/a><\/p>\n","protected":false},"excerpt":{"rendered":"<div class=\"mh-excerpt\">Samedi 21 d\u00e9cembre 2019, \u00e0 partir de 19 h. salle polyvalente des 3 lacs.<\/div>\n","protected":false},"author":4,"featured_media":0,"comment_status":"open","ping_status":"open","sticky":false,"template":"","format":"standard","meta":{"om_disable_all_campaigns":false,"advanced_seo_description":"","jetpack_seo_html_title":"","jetpack_seo_noindex":false,"_jetpack_memberships_contains_paid_content":false,"footnotes":"","_links_to":"","_links_to_target":""},"categories":[16,54,3814],"tags":[143,3448,3478,3845,3846],"class_list":{"0":"post-44321","1":"post","2":"type-post","3":"status-publish","4":"format-standard","6":"category-monclar","7":"category-loisirs","8":"category-n-165-decembre-2019","9":"tag-monclar-de-quercy","10":"tag-conte-de-noel","11":"tag-fete-des-lumieres","12":"tag-forme-en-occitanie","13":"tag-cavalia-dalta-luna"},"jetpack_featured_media_url":"","views":{"total":0,"cached_at":"","cached_date":1738501068},"jetpack_likes_enabled":true,"jetpack_sharing_enabled":true,"jetpack_shortlink":"https:\/\/wp.me\/pg7Wxj-bwR","jetpack-related-posts":[],"_links":{"self":[{"href":"https:\/\/www.o-p-i.fr\/parlonsen\/wp-json\/wp\/v2\/posts\/44321","targetHints":{"allow":["GET"]}}],"collection":[{"href":"https:\/\/www.o-p-i.fr\/parlonsen\/wp-json\/wp\/v2\/posts"}],"about":[{"href":"https:\/\/www.o-p-i.fr\/parlonsen\/wp-json\/wp\/v2\/types\/post"}],"author":[{"embeddable":true,"href":"https:\/\/www.o-p-i.fr\/parlonsen\/wp-json\/wp\/v2\/users\/4"}],"replies":[{"embeddable":true,"href":"https:\/\/www.o-p-i.fr\/parlonsen\/wp-json\/wp\/v2\/comments?post=44321"}],"version-history":[{"count":0,"href":"https:\/\/www.o-p-i.fr\/parlonsen\/wp-json\/wp\/v2\/posts\/44321\/revisions"}],"wp:attachment":[{"href":"https:\/\/www.o-p-i.fr\/parlonsen\/wp-json\/wp\/v2\/media?parent=44321"}],"wp:term":[{"taxonomy":"category","embeddable":true,"href":"https:\/\/www.o-p-i.fr\/parlonsen\/wp-json\/wp\/v2\/categories?post=44321"},{"taxonomy":"post_tag","embeddable":true,"href":"https:\/\/www.o-p-i.fr\/parlonsen\/wp-json\/wp\/v2\/tags?post=44321"}],"curies":[{"name":"wp","href":"https:\/\/api.w.org\/{rel}","templated":true}]}}