{"id":44375,"date":"2019-11-28T14:57:02","date_gmt":"2019-11-28T13:57:02","guid":{"rendered":"https:\/\/www.o-p-i.fr\/parlonsen\/?p=44375"},"modified":"2019-11-28T14:57:02","modified_gmt":"2019-11-28T13:57:02","slug":"reveillon-partage-occitan-a-monclar-de-quercy-82","status":"publish","type":"post","link":"https:\/\/www.o-p-i.fr\/parlonsen\/parlons-en\/pratique\/reveillon-partage-occitan-a-monclar-de-quercy-82\/","title":{"rendered":"R\u00e9veillon partage occitan &#8230; \u00e0 Monclar de Quercy (82)"},"content":{"rendered":"<p><strong>Mardi 31 d\u00e9cembre 2019<\/strong> \u00e0 partir de 21 h. <!--more--><img data-recalc-dims=\"1\" loading=\"lazy\" decoding=\"async\" class=\"alignright size-full wp-image-44380\" src=\"https:\/\/i0.wp.com\/www.o-p-i.fr\/parlonsen\/wp-content\/uploads\/2020.jpg?resize=340%2C226&#038;ssl=1\" alt=\"\" width=\"340\" height=\"226\" srcset=\"https:\/\/i0.wp.com\/www.o-p-i.fr\/parlonsen\/wp-content\/uploads\/2020.jpg?w=340&amp;ssl=1 340w, https:\/\/i0.wp.com\/www.o-p-i.fr\/parlonsen\/wp-content\/uploads\/2020.jpg?resize=300%2C199&amp;ssl=1 300w, https:\/\/i0.wp.com\/www.o-p-i.fr\/parlonsen\/wp-content\/uploads\/2020.jpg?resize=150%2C100&amp;ssl=1 150w\" sizes=\"auto, (max-width: 340px) 100vw, 340px\" \/>R\u00e9veillon partage occitan de la St Sylvestre en musique de chez nous !!!<\/p>\n<p><strong>Principe<\/strong>: chacun am\u00e8ne un plat sal\u00e9 ou sucr\u00e9 et on partage<br \/>\nLe R\u00e9veil Occitan se charge du reste: couverts, fromage, vin ,caf\u00e9, soupe \u00e0 l&rsquo;oignon&#8230;.<\/p>\n<p><strong>Entr\u00e9e<\/strong> : adultes 20 \u20acuros,\u00a0 enfants 10 \u20acuros<br \/>\n<strong>R\u00e9servation<\/strong> : 05 63 30 48 80 &#8211; ou &#8211; 06 16 09 51 41<br \/>\nrene.astorg@orange.fr<\/p>\n<p><strong> Pour y aller:<\/strong><br \/>\nSalle des f\u00eates du Groupe Scolaire<br \/>\n82230-Monclar de Quercy<\/p>\n<p><strong> Organisateur : <\/strong>R\u00e9veil Occitan<\/p>\n<p><em>Information communiqu\u00e9e par Jeanine<\/em> <em>ASTORG\u00a0<\/em><\/p>\n<p><a href=\"http:\/\/www.o-p-i.fr\/parlonsen\/agenda\/\">Retrouvez tous les \u00e9v\u00e9nements dans l&rsquo;agenda !<\/a><\/p>\n","protected":false},"excerpt":{"rendered":"<div class=\"mh-excerpt\">Mardi 31 d\u00e9cembre 2019 \u00e0 partir de 21 h.<\/div>\n","protected":false},"author":4,"featured_media":0,"comment_status":"open","ping_status":"open","sticky":false,"template":"","format":"standard","meta":{"om_disable_all_campaigns":false,"advanced_seo_description":"","jetpack_seo_html_title":"","jetpack_seo_noindex":false,"_jetpack_memberships_contains_paid_content":false,"footnotes":"","_links_to":"","_links_to_target":""},"categories":[52,16,54,6,3814],"tags":[143,1771,3479],"class_list":{"0":"post-44375","1":"post","2":"type-post","3":"status-publish","4":"format-standard","6":"category-parlons-en","7":"category-monclar","8":"category-loisirs","9":"category-pratique","10":"category-n-165-decembre-2019","11":"tag-monclar-de-quercy","12":"tag-musique-occitane","13":"tag-reveillon-partage"},"jetpack_featured_media_url":"","views":{"total":0,"cached_at":"","cached_date":1738511165},"jetpack_likes_enabled":true,"jetpack_sharing_enabled":true,"jetpack_shortlink":"https:\/\/wp.me\/pg7Wxj-bxJ","jetpack-related-posts":[],"_links":{"self":[{"href":"https:\/\/www.o-p-i.fr\/parlonsen\/wp-json\/wp\/v2\/posts\/44375","targetHints":{"allow":["GET"]}}],"collection":[{"href":"https:\/\/www.o-p-i.fr\/parlonsen\/wp-json\/wp\/v2\/posts"}],"about":[{"href":"https:\/\/www.o-p-i.fr\/parlonsen\/wp-json\/wp\/v2\/types\/post"}],"author":[{"embeddable":true,"href":"https:\/\/www.o-p-i.fr\/parlonsen\/wp-json\/wp\/v2\/users\/4"}],"replies":[{"embeddable":true,"href":"https:\/\/www.o-p-i.fr\/parlonsen\/wp-json\/wp\/v2\/comments?post=44375"}],"version-history":[{"count":0,"href":"https:\/\/www.o-p-i.fr\/parlonsen\/wp-json\/wp\/v2\/posts\/44375\/revisions"}],"wp:attachment":[{"href":"https:\/\/www.o-p-i.fr\/parlonsen\/wp-json\/wp\/v2\/media?parent=44375"}],"wp:term":[{"taxonomy":"category","embeddable":true,"href":"https:\/\/www.o-p-i.fr\/parlonsen\/wp-json\/wp\/v2\/categories?post=44375"},{"taxonomy":"post_tag","embeddable":true,"href":"https:\/\/www.o-p-i.fr\/parlonsen\/wp-json\/wp\/v2\/tags?post=44375"}],"curies":[{"name":"wp","href":"https:\/\/api.w.org\/{rel}","templated":true}]}}