{"id":44390,"date":"2019-11-30T23:17:14","date_gmt":"2019-11-30T22:17:14","guid":{"rendered":"https:\/\/www.o-p-i.fr\/parlonsen\/?p=44390"},"modified":"2019-11-30T23:17:14","modified_gmt":"2019-11-30T22:17:14","slug":"les-sapeurs-pompiers-et-le-telethon-a-monclar-de-quercy-82","status":"publish","type":"post","link":"https:\/\/www.o-p-i.fr\/parlonsen\/localisation\/au-pays-des-tescous\/monclar\/les-sapeurs-pompiers-et-le-telethon-a-monclar-de-quercy-82\/","title":{"rendered":"Les Sapeurs Pompiers et le T\u00e9l\u00e9thon &#8230; \u00e0 Monclar de Quercy (82)"},"content":{"rendered":"<p><strong>Samedi 7 d\u00e9cembre 2019<\/strong>, <!--more--><br \/>\n<img data-recalc-dims=\"1\" loading=\"lazy\" decoding=\"async\" class=\"alignright size-full wp-image-44392\" src=\"https:\/\/i0.wp.com\/www.o-p-i.fr\/parlonsen\/wp-content\/uploads\/pompiers-1.jpg?resize=340%2C190&#038;ssl=1\" alt=\"\" width=\"340\" height=\"190\" srcset=\"https:\/\/i0.wp.com\/www.o-p-i.fr\/parlonsen\/wp-content\/uploads\/pompiers-1.jpg?w=340&amp;ssl=1 340w, https:\/\/i0.wp.com\/www.o-p-i.fr\/parlonsen\/wp-content\/uploads\/pompiers-1.jpg?resize=300%2C168&amp;ssl=1 300w, https:\/\/i0.wp.com\/www.o-p-i.fr\/parlonsen\/wp-content\/uploads\/pompiers-1.jpg?resize=150%2C84&amp;ssl=1 150w\" sizes=\"auto, (max-width: 340px) 100vw, 340px\" \/>Les Sapeurs Pompiers de Monclar de Quercy se mobilisent pour le TELETHON:<\/p>\n<ul>\n<li>Lavage de voiture sur le parking de Carrefour Contact,<\/li>\n<li>visite du Centre de Secours,<\/li>\n<li>vente de porte-clefs.<\/li>\n<\/ul>\n<p>Venez nombreux soutenir notre action.<\/p>\n<p><strong> Pour y aller:<\/strong><\/p>\n<p>82230-Monclar de Quercy<\/p>\n<p><strong> Organisateur : <\/strong>Amicale des Sapeurs Pompiers<\/p>\n<p><strong> Contact : <\/strong>Fouquet V\u00e9ro<br \/>\nT\u00e9l. :06 50 01 93 43<br \/>\nCourriel : <a href=\"mailto:verofou@hotmail.fr\" target=\"_blank\" rel=\"noopener noreferrer\">verofou@hotmail.fr<\/a><\/p>\n<p><em>Information communiqu\u00e9e par<\/em> <em>V\u00e9ro FOUQUET<\/em><\/p>\n<p><a href=\"http:\/\/www.o-p-i.fr\/parlonsen\/agenda\/\">Retrouvez tous les \u00e9v\u00e9nements dans l&rsquo;agenda !<\/a><\/p>\n","protected":false},"excerpt":{"rendered":"<div class=\"mh-excerpt\">Samedi 7 d\u00e9cembre 2019,<\/div>\n","protected":false},"author":4,"featured_media":0,"comment_status":"open","ping_status":"open","sticky":false,"template":"","format":"standard","meta":{"om_disable_all_campaigns":false,"advanced_seo_description":"","jetpack_seo_html_title":"","jetpack_seo_noindex":false,"_jetpack_memberships_contains_paid_content":false,"footnotes":"","_links_to":"","_links_to_target":""},"categories":[52,91,290,16,3814],"tags":[2564,143,1935,3856],"class_list":{"0":"post-44390","1":"post","2":"type-post","3":"status-publish","4":"format-standard","6":"category-parlons-en","7":"category-telethon","8":"category-entraide","9":"category-monclar","10":"category-n-165-decembre-2019","11":"tag-telethon","12":"tag-monclar-de-quercy","13":"tag-pompiers","14":"tag-sapeurs-pompiers"},"jetpack_featured_media_url":"","views":{"total":0,"cached_at":"","cached_date":1738511127},"jetpack_likes_enabled":true,"jetpack_sharing_enabled":true,"jetpack_shortlink":"https:\/\/wp.me\/pg7Wxj-bxY","jetpack-related-posts":[],"_links":{"self":[{"href":"https:\/\/www.o-p-i.fr\/parlonsen\/wp-json\/wp\/v2\/posts\/44390","targetHints":{"allow":["GET"]}}],"collection":[{"href":"https:\/\/www.o-p-i.fr\/parlonsen\/wp-json\/wp\/v2\/posts"}],"about":[{"href":"https:\/\/www.o-p-i.fr\/parlonsen\/wp-json\/wp\/v2\/types\/post"}],"author":[{"embeddable":true,"href":"https:\/\/www.o-p-i.fr\/parlonsen\/wp-json\/wp\/v2\/users\/4"}],"replies":[{"embeddable":true,"href":"https:\/\/www.o-p-i.fr\/parlonsen\/wp-json\/wp\/v2\/comments?post=44390"}],"version-history":[{"count":0,"href":"https:\/\/www.o-p-i.fr\/parlonsen\/wp-json\/wp\/v2\/posts\/44390\/revisions"}],"wp:attachment":[{"href":"https:\/\/www.o-p-i.fr\/parlonsen\/wp-json\/wp\/v2\/media?parent=44390"}],"wp:term":[{"taxonomy":"category","embeddable":true,"href":"https:\/\/www.o-p-i.fr\/parlonsen\/wp-json\/wp\/v2\/categories?post=44390"},{"taxonomy":"post_tag","embeddable":true,"href":"https:\/\/www.o-p-i.fr\/parlonsen\/wp-json\/wp\/v2\/tags?post=44390"}],"curies":[{"name":"wp","href":"https:\/\/api.w.org\/{rel}","templated":true}]}}