{"id":44426,"date":"2019-12-06T05:28:16","date_gmt":"2019-12-06T04:28:16","guid":{"rendered":"https:\/\/www.o-p-i.fr\/parlonsen\/?p=44426"},"modified":"2019-12-06T05:28:16","modified_gmt":"2019-12-06T04:28:16","slug":"cine-de-noel-a-salvagnac-81","status":"publish","type":"post","link":"https:\/\/www.o-p-i.fr\/parlonsen\/localisation\/au-pays-des-tescous\/salvagnac\/cine-de-noel-a-salvagnac-81\/","title":{"rendered":"Cin\u00e9 de No\u00ebl&#8230; \u00e0 Salvagnac (81)"},"content":{"rendered":"<p><strong>Samedi 14 d\u00e9cembre 2019<\/strong>, 15h.30, salle Caraven Cachin<!--more--><\/p>\n<p><img data-recalc-dims=\"1\" loading=\"lazy\" decoding=\"async\" class=\"alignright size-full wp-image-44428\" src=\"https:\/\/i0.wp.com\/www.o-p-i.fr\/parlonsen\/wp-content\/uploads\/Rabbit.jpg?resize=425%2C333&#038;ssl=1\" alt=\"\" width=\"425\" height=\"333\" srcset=\"https:\/\/i0.wp.com\/www.o-p-i.fr\/parlonsen\/wp-content\/uploads\/Rabbit.jpg?w=425&amp;ssl=1 425w, https:\/\/i0.wp.com\/www.o-p-i.fr\/parlonsen\/wp-content\/uploads\/Rabbit.jpg?resize=300%2C235&amp;ssl=1 300w, https:\/\/i0.wp.com\/www.o-p-i.fr\/parlonsen\/wp-content\/uploads\/Rabbit.jpg?resize=150%2C118&amp;ssl=1 150w, https:\/\/i0.wp.com\/www.o-p-i.fr\/parlonsen\/wp-content\/uploads\/Rabbit.jpg?resize=400%2C313&amp;ssl=1 400w\" sizes=\"auto, (max-width: 425px) 100vw, 425px\" \/><strong>Qui veut la peau de Roger Rabbit<\/strong><br \/>\nde Robert Zemeckis.<\/p>\n<p><em>\u00ab\u00a0C&rsquo;est l&rsquo;un des grands films de Robert Zemeckis, notamment produit par Steven Spielberg, qui a marqu\u00e9 son \u00e9poque pour bien des raisons. Odyss\u00e9e folle et hallucin\u00e9e dans un monde o\u00f9 Bob Hoskins le d\u00e9tective priv\u00e9 chasse des toons, Qui veut la peau de Roger Rabbit ? est un classique ind\u00e9modable.\u00a0\u00bb<\/em><br \/>\n(J.P. ecranlarge)<\/p>\n<p>\u00ab\u00a0Notre histoire se d\u00e9roule en 1947 en plein \u00e2ge d&rsquo;or du cin\u00e9ma \u00e0 Hollywood. Une \u00e9poque, une ambiance et&#8230; des toons. Un dessin anim\u00e9 commence, les h\u00e9ros sont le lapin Roger Rabbit et B\u00e9b\u00e9 Herman tout ce passe au moins lorsque le r\u00e9alisateur dit \u00ab\u00a0coup\u00e9\u00a0\u00bb. \u00d4 joie, dans notre film, les h\u00e9ros de dessins anim\u00e9s, ou toons, sont bien r\u00e9els et c\u00f4toient les vivants pour le meilleur et pour le rire.\u00a0\u00bb<\/p>\n<p>Espace Caraven Cachen (Salle du billard) \u00e0 Salvagnac<br \/>\nRendez-vous \u00e0 15h30 &#8211; Entr\u00e9e : 4,00 \u20ac<br \/>\ngo\u00fbter<\/p>\n<p><img data-recalc-dims=\"1\" loading=\"lazy\" decoding=\"async\" class=\"wp-image-31958 size-full\" src=\"https:\/\/i0.wp.com\/www.o-p-i.fr\/parlonsen\/wp-content\/uploads\/Lumen.jpg?resize=222%2C64&#038;ssl=1\" alt=\"Lumen&amp;Co\" width=\"222\" height=\"64\" srcset=\"https:\/\/i0.wp.com\/www.o-p-i.fr\/parlonsen\/wp-content\/uploads\/Lumen.jpg?w=222&amp;ssl=1 222w, https:\/\/i0.wp.com\/www.o-p-i.fr\/parlonsen\/wp-content\/uploads\/Lumen.jpg?resize=150%2C43&amp;ssl=1 150w\" sizes=\"auto, (max-width: 222px) 100vw, 222px\" \/><\/p>\n<p><em>Information communiqu\u00e9e par Cyril<\/em><\/p>\n<p><a href=\"http:\/\/www.o-p-i.fr\/parlonsen\/agenda\/\">Retrouvez tous les \u00e9v\u00e9nements dans l&rsquo;agenda !<\/a><\/p>\n","protected":false},"excerpt":{"rendered":"<div class=\"mh-excerpt\">Samedi 14 d\u00e9cembre 2019, 15h.30, salle Caraven Cachin<\/div>\n","protected":false},"author":4,"featured_media":0,"comment_status":"open","ping_status":"open","sticky":false,"template":"","format":"standard","meta":{"om_disable_all_campaigns":false,"advanced_seo_description":"","jetpack_seo_html_title":"","jetpack_seo_noindex":false,"_jetpack_memberships_contains_paid_content":false,"footnotes":"","_links_to":"","_links_to_target":""},"categories":[52,54,25,3814],"tags":[2548,131,1766,2992],"class_list":{"0":"post-44426","1":"post","2":"type-post","3":"status-publish","4":"format-standard","6":"category-parlons-en","7":"category-loisirs","8":"category-salvagnac","9":"category-n-165-decembre-2019","10":"tag-salvagnac","11":"tag-noel","12":"tag-cinema","13":"tag-lumen-co"},"jetpack_featured_media_url":"","views":{"total":0,"cached_at":"","cached_date":1738511028},"jetpack_likes_enabled":true,"jetpack_sharing_enabled":true,"jetpack_shortlink":"https:\/\/wp.me\/pg7Wxj-byy","jetpack-related-posts":[],"_links":{"self":[{"href":"https:\/\/www.o-p-i.fr\/parlonsen\/wp-json\/wp\/v2\/posts\/44426","targetHints":{"allow":["GET"]}}],"collection":[{"href":"https:\/\/www.o-p-i.fr\/parlonsen\/wp-json\/wp\/v2\/posts"}],"about":[{"href":"https:\/\/www.o-p-i.fr\/parlonsen\/wp-json\/wp\/v2\/types\/post"}],"author":[{"embeddable":true,"href":"https:\/\/www.o-p-i.fr\/parlonsen\/wp-json\/wp\/v2\/users\/4"}],"replies":[{"embeddable":true,"href":"https:\/\/www.o-p-i.fr\/parlonsen\/wp-json\/wp\/v2\/comments?post=44426"}],"version-history":[{"count":0,"href":"https:\/\/www.o-p-i.fr\/parlonsen\/wp-json\/wp\/v2\/posts\/44426\/revisions"}],"wp:attachment":[{"href":"https:\/\/www.o-p-i.fr\/parlonsen\/wp-json\/wp\/v2\/media?parent=44426"}],"wp:term":[{"taxonomy":"category","embeddable":true,"href":"https:\/\/www.o-p-i.fr\/parlonsen\/wp-json\/wp\/v2\/categories?post=44426"},{"taxonomy":"post_tag","embeddable":true,"href":"https:\/\/www.o-p-i.fr\/parlonsen\/wp-json\/wp\/v2\/tags?post=44426"}],"curies":[{"name":"wp","href":"https:\/\/api.w.org\/{rel}","templated":true}]}}