{"id":44473,"date":"2019-12-12T12:05:55","date_gmt":"2019-12-12T11:05:55","guid":{"rendered":"https:\/\/www.o-p-i.fr\/parlonsen\/?p=44473"},"modified":"2019-12-12T12:14:30","modified_gmt":"2019-12-12T11:14:30","slug":"bal-occitan-a-la-salvetat-belmontet-82-2","status":"publish","type":"post","link":"https:\/\/www.o-p-i.fr\/parlonsen\/localisation\/au-pays-des-tescous\/salvetat\/bal-occitan-a-la-salvetat-belmontet-82-2\/","title":{"rendered":"Bal occitan&#8230; \u00e0 La Salvetat Belmontet (82)"},"content":{"rendered":"<p><strong>Dimanche 5 janvier 2020<\/strong>,\u00a0 14h.30 \u00e0 la salledes f\u00eates de Saint Caprais.<!--more--><img data-recalc-dims=\"1\" loading=\"lazy\" decoding=\"async\" class=\"alignright size-medium wp-image-44475\" src=\"https:\/\/i0.wp.com\/www.o-p-i.fr\/parlonsen\/wp-content\/uploads\/Sem-daici.jpg?resize=300%2C248&#038;ssl=1\" alt=\"\" width=\"300\" height=\"248\" srcset=\"https:\/\/i0.wp.com\/www.o-p-i.fr\/parlonsen\/wp-content\/uploads\/Sem-daici.jpg?resize=300%2C248&amp;ssl=1 300w, https:\/\/i0.wp.com\/www.o-p-i.fr\/parlonsen\/wp-content\/uploads\/Sem-daici.jpg?resize=150%2C124&amp;ssl=1 150w, https:\/\/i0.wp.com\/www.o-p-i.fr\/parlonsen\/wp-content\/uploads\/Sem-daici.jpg?resize=400%2C331&amp;ssl=1 400w, https:\/\/i0.wp.com\/www.o-p-i.fr\/parlonsen\/wp-content\/uploads\/Sem-daici.jpg?w=425&amp;ssl=1 425w\" sizes=\"auto, (max-width: 300px) 100vw, 300px\" \/>Bal occitan avec le Groupe du Quercy S\u00e8m d&rsquo;Aici constitu\u00e9 de 5 musiciens jouant de l?accord\u00e9on diatonique, cabrette, fl\u00fbtes, hautbois, guitare, mandoline, violon et chantant.Mazurkas scottish, bourr\u00e9es, ronde du quercy, calvignade, rondeaux, branlous, etc?Pour bien d\u00e9buter la nouvelle ann\u00e9e et passer une agr\u00e9able apr\u00e8s midi, venez nous rejoindre \u00e0 la salle des f\u00eates de Saint Caprais \u00e0 La Salvetat Belmontet \u00e0 partir de 14 h 30 Vous ferez une bonne action puisque votre participation de 8 ?uros sera enti\u00e8rement revers\u00e9e \u00e0 AER (\u00ab Avenir pour l?Enfant des Rizi\u00e8res \u00bb); l?association oeuvre au Cambodge depuis 1979 afin d?apporter \u00e0 des enfants vivant en situation de grande pr\u00e9carit\u00e9 les moyens de construire leur avenir. Dans les zones rurales, de nombreuses familles vivent encore difficilement et ne peuvent assumer totalement le co\u00fbt de la scolarisation de leurs enfants.Information communiqu\u00e9e par Alain MARQUES.<\/p>\n<p><strong> Pour y aller:<\/strong><br \/>\nSalle des F\u00eates de St Caprais<br \/>\n82230-La Salvetat-Belmontet<\/p>\n<p><strong>Tarifs<\/strong> : 8 \u20acuros<\/p>\n<p><strong> Organisateur : <\/strong><a href=\"https:\/\/www.avenir-enfant-rizieres.fr\/\" target=\"_blank\" rel=\"noopener noreferrer\">Avenir pour l&rsquo;Enfant des Rizi\u00e8res<\/a> (AER)<\/p>\n<p><strong> Contact : <\/strong>MARQUES Alain<br \/>\n74 ch du Camp de Poutounet<br \/>\n82230-La Salvetat-Belmontet<br \/>\nT\u00e9l. :05 63 68 17 60<br \/>\nCourriel :<a href=\"mailto:marques.alain@gmail.com\" target=\"_blank\" rel=\"noopener noreferrer\"> marques.alain@gmail.com<\/a><\/p>\n<p><em>Information communiqu\u00e9e par Alain\u00a0 MARQUES<\/em><\/p>\n<p><a href=\"http:\/\/www.o-p-i.fr\/parlonsen\/agenda\/\">Retrouvez tous les \u00e9v\u00e9nements dans l&rsquo;agenda !<\/a><\/p>\n","protected":false},"excerpt":{"rendered":"<div class=\"mh-excerpt\">Dimanche 5 janvier 2020,\u00a0 14h.30 \u00e0 la salledes f\u00eates de Saint Caprais.<\/div>\n","protected":false},"author":4,"featured_media":0,"comment_status":"open","ping_status":"open","sticky":false,"template":"","format":"standard","meta":{"om_disable_all_campaigns":false,"advanced_seo_description":"","jetpack_seo_html_title":"","jetpack_seo_noindex":false,"_jetpack_memberships_contains_paid_content":false,"footnotes":"","_links_to":"","_links_to_target":""},"categories":[52,34,54,291,3857],"tags":[181,2015,3453,3527,3872],"class_list":{"0":"post-44473","1":"post","2":"type-post","3":"status-publish","4":"format-standard","6":"category-parlons-en","7":"category-salvetat","8":"category-loisirs","9":"category-solidarite","10":"category-n-166-janvier-2020","11":"tag-la-salvetat-belmontet","12":"tag-bal-occitan","13":"tag-avenir-pour-lenfant-des-rizieres","14":"tag-saint-caprais-2","15":"tag-sem-daici"},"jetpack_featured_media_url":"","views":{"total":0,"cached_at":"","cached_date":1738510660},"jetpack_likes_enabled":true,"jetpack_sharing_enabled":true,"jetpack_shortlink":"https:\/\/wp.me\/pg7Wxj-bzj","jetpack-related-posts":[],"_links":{"self":[{"href":"https:\/\/www.o-p-i.fr\/parlonsen\/wp-json\/wp\/v2\/posts\/44473","targetHints":{"allow":["GET"]}}],"collection":[{"href":"https:\/\/www.o-p-i.fr\/parlonsen\/wp-json\/wp\/v2\/posts"}],"about":[{"href":"https:\/\/www.o-p-i.fr\/parlonsen\/wp-json\/wp\/v2\/types\/post"}],"author":[{"embeddable":true,"href":"https:\/\/www.o-p-i.fr\/parlonsen\/wp-json\/wp\/v2\/users\/4"}],"replies":[{"embeddable":true,"href":"https:\/\/www.o-p-i.fr\/parlonsen\/wp-json\/wp\/v2\/comments?post=44473"}],"version-history":[{"count":0,"href":"https:\/\/www.o-p-i.fr\/parlonsen\/wp-json\/wp\/v2\/posts\/44473\/revisions"}],"wp:attachment":[{"href":"https:\/\/www.o-p-i.fr\/parlonsen\/wp-json\/wp\/v2\/media?parent=44473"}],"wp:term":[{"taxonomy":"category","embeddable":true,"href":"https:\/\/www.o-p-i.fr\/parlonsen\/wp-json\/wp\/v2\/categories?post=44473"},{"taxonomy":"post_tag","embeddable":true,"href":"https:\/\/www.o-p-i.fr\/parlonsen\/wp-json\/wp\/v2\/tags?post=44473"}],"curies":[{"name":"wp","href":"https:\/\/api.w.org\/{rel}","templated":true}]}}