{"id":44497,"date":"2019-12-12T20:00:41","date_gmt":"2019-12-12T19:00:41","guid":{"rendered":"https:\/\/www.o-p-i.fr\/parlonsen\/?p=44497"},"modified":"2019-12-12T20:06:55","modified_gmt":"2019-12-12T19:06:55","slug":"la-boutique-ephemere-a-salvagnac-81","status":"publish","type":"post","link":"https:\/\/www.o-p-i.fr\/parlonsen\/localisation\/au-pays-des-tescous\/salvagnac\/la-boutique-ephemere-a-salvagnac-81\/","title":{"rendered":"\u00ab\u00a0La Boutique \u00c9ph\u00e9m\u00e8re\u00a0\u00bb &#8230; \u00e0 Salvagnac (81)"},"content":{"rendered":"<p><strong>Samedi 14 d\u00e9cembre 2019<\/strong>, de 10h. \u00e0 minuit, 29 Grand rue. <!--more--><img data-recalc-dims=\"1\" loading=\"lazy\" decoding=\"async\" class=\"alignright wp-image-44498 size-full\" src=\"https:\/\/i0.wp.com\/www.o-p-i.fr\/parlonsen\/wp-content\/uploads\/FAB-EPH.jpg?resize=441%2C205&#038;ssl=1\" alt=\"\" width=\"441\" height=\"205\" srcset=\"https:\/\/i0.wp.com\/www.o-p-i.fr\/parlonsen\/wp-content\/uploads\/FAB-EPH.jpg?w=441&amp;ssl=1 441w, https:\/\/i0.wp.com\/www.o-p-i.fr\/parlonsen\/wp-content\/uploads\/FAB-EPH.jpg?resize=300%2C139&amp;ssl=1 300w, https:\/\/i0.wp.com\/www.o-p-i.fr\/parlonsen\/wp-content\/uploads\/FAB-EPH.jpg?resize=150%2C70&amp;ssl=1 150w, https:\/\/i0.wp.com\/www.o-p-i.fr\/parlonsen\/wp-content\/uploads\/FAB-EPH.jpg?resize=400%2C186&amp;ssl=1 400w\" sizes=\"auto, (max-width: 441px) 100vw, 441px\" \/>Pour la 5 \u00e8me \u00e9dition, la maison du 29 Grand rue \u00e0 Salvagnac se transforme et s&rsquo;illumine le temps d&rsquo;une journ\u00e9e et soir\u00e9e festive.<\/p>\n<ul>\n<li>10h.Il reste encore quelques places pour le Work Shop anim\u00e9 par M\u00e9lanie Jolivet (fabrication d&rsquo;une pochette en cuir)&#8230;<br \/>\nContactez la rapidement si vous souhaitez y participer \u00e0 <a href=\"mailto:jolivetmelani@gmail.com\" target=\"_blank\" rel=\"noopener noreferrer\">jolivetmelani@gmail.com<\/a><\/li>\n<li>Le march\u00e9 des cr\u00e9ateurs ouvre ses portes d\u00e8s 14h. les exposants cr\u00e9ateurs seront nombreux sur l&rsquo;apr\u00e8s-midi pour vous proposer des jolis cadeaux faits main ! bijoux, c\u00e9ramiques, s\u00e9rigraphies, fleurs, biscuits, bois, dessins, coutures<\/li>\n<li>Vous pourrez aussi tout l&rsquo;apr\u00e8s midi d\u00e9guster p\u00e2tisseries et vin chaud, chocolat, caf\u00e9, th\u00e9&#8230;tout en faisant vos emplettes de No\u00ebl.<\/li>\n<li>\u00c0 partir de 19h, nous proposons des assiettes color\u00e9es et savoureuses et la buvette sera ouverte<br \/>\nUn espace enfants est propos\u00e9 pour nos chers petits, avec des jeux de soci\u00e9t\u00e9s, coloriages etc&#8230;<\/li>\n<li>A 21h, concert de MILO au salon &#8211; duo Samba groove <a href=\"https:\/\/www.youtube.com\/watch?v=ac2cbA20Q-E\" target=\"_blank\" rel=\"noopener noreferrer\"><strong>(\u00e0 d\u00e9couvrir en cliquant ici)<\/strong><\/a><\/li>\n<li>A partir de 23h jusque tard dans la nuit : Mix vinyl et dance-floor<\/li>\n<\/ul>\n<p><em>information communiqu\u00e9e par les habitants de la maison: Valentine, Nico et leurs enfants Nour, Amel et Lounes<\/em><br \/>\n<em>&amp; les assos &#8230;La Bobine et le Galetas,\u00a0 leurs amis, et Yvan POIRIER<\/em><\/p>\n<p><a href=\"http:\/\/www.o-p-i.fr\/parlonsen\/agenda\/\">Retrouvez tous les \u00e9v\u00e9nements dans l&rsquo;agenda !<\/a><\/p>\n","protected":false},"excerpt":{"rendered":"<div class=\"mh-excerpt\">Samedi 14 d\u00e9cembre 2019, de 10h. \u00e0 minuit, 29 Grand rue.<\/div>\n","protected":false},"author":4,"featured_media":0,"comment_status":"open","ping_status":"open","sticky":false,"template":"","format":"standard","meta":{"om_disable_all_campaigns":false,"advanced_seo_description":"","jetpack_seo_html_title":"","jetpack_seo_noindex":false,"_jetpack_memberships_contains_paid_content":false,"footnotes":"","_links_to":"","_links_to_target":""},"categories":[51,54,25,3814],"tags":[43,2548,180,1769,2980,3432],"class_list":{"0":"post-44497","1":"post","2":"type-post","3":"status-publish","4":"format-standard","6":"category-artisanat","7":"category-loisirs","8":"category-salvagnac","9":"category-n-165-decembre-2019","10":"tag-concert","11":"tag-salvagnac","12":"tag-atelier","13":"tag-samba","14":"tag-marche-de-createurs","15":"tag-la-fabrique-ephemere"},"jetpack_featured_media_url":"","views":{"total":0,"cached_at":"","cached_date":1738510610},"jetpack_likes_enabled":true,"jetpack_sharing_enabled":true,"jetpack_shortlink":"https:\/\/wp.me\/pg7Wxj-bzH","jetpack-related-posts":[],"_links":{"self":[{"href":"https:\/\/www.o-p-i.fr\/parlonsen\/wp-json\/wp\/v2\/posts\/44497","targetHints":{"allow":["GET"]}}],"collection":[{"href":"https:\/\/www.o-p-i.fr\/parlonsen\/wp-json\/wp\/v2\/posts"}],"about":[{"href":"https:\/\/www.o-p-i.fr\/parlonsen\/wp-json\/wp\/v2\/types\/post"}],"author":[{"embeddable":true,"href":"https:\/\/www.o-p-i.fr\/parlonsen\/wp-json\/wp\/v2\/users\/4"}],"replies":[{"embeddable":true,"href":"https:\/\/www.o-p-i.fr\/parlonsen\/wp-json\/wp\/v2\/comments?post=44497"}],"version-history":[{"count":0,"href":"https:\/\/www.o-p-i.fr\/parlonsen\/wp-json\/wp\/v2\/posts\/44497\/revisions"}],"wp:attachment":[{"href":"https:\/\/www.o-p-i.fr\/parlonsen\/wp-json\/wp\/v2\/media?parent=44497"}],"wp:term":[{"taxonomy":"category","embeddable":true,"href":"https:\/\/www.o-p-i.fr\/parlonsen\/wp-json\/wp\/v2\/categories?post=44497"},{"taxonomy":"post_tag","embeddable":true,"href":"https:\/\/www.o-p-i.fr\/parlonsen\/wp-json\/wp\/v2\/tags?post=44497"}],"curies":[{"name":"wp","href":"https:\/\/api.w.org\/{rel}","templated":true}]}}