{"id":4465,"date":"2010-07-20T15:16:19","date_gmt":"2010-07-20T13:16:19","guid":{"rendered":"\/parlonsen\/?p=4465"},"modified":"2011-07-30T12:49:33","modified_gmt":"2011-07-30T10:49:33","slug":"festivete-a-salvagnac","status":"publish","type":"post","link":"https:\/\/www.o-p-i.fr\/parlonsen\/localisation\/au-pays-des-tescous\/salvagnac\/festivete-a-salvagnac\/","title":{"rendered":"Festiv&rsquo;\u00e9t\u00e9 &#8230; \u00e0 Salvagnac"},"content":{"rendered":"<p style=\"text-align: justify;\"><span style=\"color: #003366;\"><strong>Du 30 juillet au 02 ao\u00fbt<\/strong><\/span>, venez assister aux <span style=\"color: #003366;\"><strong>grandes f\u00eates g\u00e9n\u00e9rales de Salvagnac<\/strong><\/span>.<!--more--><\/p>\n<div class=\"mceTemp\" style=\"text-align: justify;\">\n<dl id=\"attachment_4468\" class=\"wp-caption alignleft\" style=\"width: 410px;\">\n<dt class=\"wp-caption-dt\"><img data-recalc-dims=\"1\" loading=\"lazy\" decoding=\"async\" class=\"size-full wp-image-4468\" title=\"Salvagnac (81)\" src=\"https:\/\/i0.wp.com\/www.o-p-i.fr\/parlonsen\/wp-content\/uploads\/festivete2010.jpg?resize=400%2C574&#038;ssl=1\" alt=\"Salvagnac (81)\" width=\"400\" height=\"574\" srcset=\"https:\/\/i0.wp.com\/www.o-p-i.fr\/parlonsen\/wp-content\/uploads\/festivete2010.jpg?w=400&amp;ssl=1 400w, https:\/\/i0.wp.com\/www.o-p-i.fr\/parlonsen\/wp-content\/uploads\/festivete2010.jpg?resize=209%2C300&amp;ssl=1 209w\" sizes=\"auto, (max-width: 400px) 100vw, 400px\" \/><\/dt>\n<dd class=\"wp-caption-dd\">Salvagnac (81)<\/dd>\n<\/dl>\n<\/div>\n<p style=\"text-align: justify;\">Au programme :<\/p>\n<ul style=\"text-align: justify;\">\n<li><span style=\"color: #003366;\"><strong>Vendredi 30 juillet <\/strong><\/span><\/li>\n<\/ul>\n<p style=\"text-align: justify;\">14h00 : CONCOURS DE P\u00c9TANQUE en doublette organis\u00e9 par la P\u00e9tanque Salvagnacoise.<br \/>\n20h00 : Repas MOULES\/FRITES 10\u20ac\/personne (1 verre de vin compris)<br \/>\nR\u00e9servation avant le 20 juillet au 06 27 56 32 87 (Mymy) 06 88 24 02 41 (Clem).<br \/>\n21h30 : Bal avec PRO NIGHT.<\/p>\n<ul style=\"text-align: justify;\">\n<li><span style=\"color: #003366;\"><strong>Samedi 31 juillet<\/strong><\/span><\/li>\n<\/ul>\n<p style=\"text-align: justify;\">14h00 : BALL-TRAP.<br \/>\n14h30 : LOTO DE PLEIN AIR pour les enfants de moins de 14 ans.<br \/>\n20h00 : REPAS CASSOULET<br \/>\nASSIETTE DE CHARCUTERIE &#8211; CASSOULET &#8211; CROUSTADE AUX POMMES &#8211; VIN &#8211; CAF\u00c9<br \/>\n16\u20ac\/personne.<br \/>\nR\u00e9servation avant le 20 juillet au 06 27 56 32 87 (Mymy) 06 88 24 02 41 (Clem).<br \/>\n22h00 : GRAND BAL SPECTACLE SALSA avec le groupe RICA SALSA (huit musiciens, cinq danseurs et danseuses).<\/p>\n<ul style=\"text-align: justify;\">\n<li><span style=\"color: #003366;\"><strong>Dimanche 01 ao\u00fbt<\/strong><\/span><\/li>\n<\/ul>\n<p style=\"text-align: justify;\">De 08h00 \u00e0 11h00 :\u00a0 PETIT D\u00c9JEUNER AUX TRIPOUX organis\u00e9 par le RTFC (<a title=\"En savoir +\" href=\"https:\/\/www.o-p-i.fr\/aupays\/annuaire\/loisirs\/rives-du-tescou-football-club\/\">Rives du Tescou Football Club<\/a>).<br \/>\n09h00 : BALL-TRAP.<br \/>\n14H00 : CONCOURS DE P\u00c9TANQUE en doublette.<br \/>\n22h00 : GRAND BAL POP-ROCK VARIETES avec le groupe D U N E.<\/p>\n<ul style=\"text-align: justify;\">\n<li><span style=\"color: #003366;\"><strong>Lundi 02 ao\u00fbt<\/strong><\/span><\/li>\n<\/ul>\n<p style=\"text-align: justify;\">11h00 : AP\u00c9RITIF offert par la Municipalit\u00e9.<br \/>\n21h00: BAL MUSETTE avec \u00c9QUINOXE.<br \/>\n22h00 : FEU D&rsquo;ARTIFICE MUSICAL.<br \/>\n22h30 : GRAND BAL POP-ROCK VARIETES avec le groupe S.O.S.<\/p>\n<p style=\"text-align: justify;\">VENEZ NOMBREUX !<\/p>\n<p style=\"text-align: justify;\"><span style=\"color: #003366;\"><strong>Contact : Comit\u00e9 des F\u00eates de Salvagnac<\/strong><\/span><\/p>\n<p style=\"text-align: justify;\"><span style=\"color: #003366;\">Site : <a title=\"Ouvre le site dans une nouvelle fen\u00eatre\" href=\"http:\/\/www.comitedesfetesdesalvagnac.com\" target=\"_blank\">http:\/\/www.comitedesfetesdesalvagnac.com<\/a><\/span><\/p>\n<p style=\"text-align: justify;\"><em>Communiqu\u00e9 de Patrice Barbisan pour le Comit\u00e9 des F\u00eates de Salvagnac<\/em><\/p>\n<p style=\"text-align: justify;\"><a href=\"https:\/\/www.o-p-i.fr\/parlonsen\/agenda\/\"><strong>Retrouvez tous les \u00e9v\u00e8nements dans l&rsquo;agenda !<\/strong><\/a><\/p>\n","protected":false},"excerpt":{"rendered":"<div class=\"mh-excerpt\">Du 30 juillet au 02 ao\u00fbt, venez assister aux grandes f\u00eates g\u00e9n\u00e9rales de Salvagnac.<\/div>\n","protected":false},"author":2,"featured_media":0,"comment_status":"open","ping_status":"open","sticky":false,"template":"","format":"standard","meta":{"om_disable_all_campaigns":false,"advanced_seo_description":"","jetpack_seo_html_title":"","jetpack_seo_noindex":false,"_jetpack_memberships_contains_paid_content":false,"footnotes":"","_links_to":"","_links_to_target":""},"categories":[603,54,25,604],"tags":[56,2548,82,156,157,193,353,2561,568,617],"class_list":{"0":"post-4465","1":"post","2":"type-post","3":"status-publish","4":"format-standard","6":"category-vive-lete","7":"category-loisirs","8":"category-salvagnac","9":"category-n-51-juillet-2010","10":"tag-fete","11":"tag-salvagnac","12":"tag-aines","13":"tag-bal","14":"tag-repas","15":"tag-loto","16":"tag-petanque","17":"tag-loisirs","18":"tag-sortie","19":"tag-feu-dartifice"},"jetpack_featured_media_url":"","views":{"total":0,"cached_at":"","cached_date":1738472673},"jetpack_likes_enabled":true,"jetpack_sharing_enabled":true,"jetpack_shortlink":"https:\/\/wp.me\/pg7Wxj-1a1","jetpack-related-posts":[],"_links":{"self":[{"href":"https:\/\/www.o-p-i.fr\/parlonsen\/wp-json\/wp\/v2\/posts\/4465","targetHints":{"allow":["GET"]}}],"collection":[{"href":"https:\/\/www.o-p-i.fr\/parlonsen\/wp-json\/wp\/v2\/posts"}],"about":[{"href":"https:\/\/www.o-p-i.fr\/parlonsen\/wp-json\/wp\/v2\/types\/post"}],"author":[{"embeddable":true,"href":"https:\/\/www.o-p-i.fr\/parlonsen\/wp-json\/wp\/v2\/users\/2"}],"replies":[{"embeddable":true,"href":"https:\/\/www.o-p-i.fr\/parlonsen\/wp-json\/wp\/v2\/comments?post=4465"}],"version-history":[{"count":0,"href":"https:\/\/www.o-p-i.fr\/parlonsen\/wp-json\/wp\/v2\/posts\/4465\/revisions"}],"wp:attachment":[{"href":"https:\/\/www.o-p-i.fr\/parlonsen\/wp-json\/wp\/v2\/media?parent=4465"}],"wp:term":[{"taxonomy":"category","embeddable":true,"href":"https:\/\/www.o-p-i.fr\/parlonsen\/wp-json\/wp\/v2\/categories?post=4465"},{"taxonomy":"post_tag","embeddable":true,"href":"https:\/\/www.o-p-i.fr\/parlonsen\/wp-json\/wp\/v2\/tags?post=4465"}],"curies":[{"name":"wp","href":"https:\/\/api.w.org\/{rel}","templated":true}]}}