{"id":44675,"date":"2020-01-09T23:44:50","date_gmt":"2020-01-09T22:44:50","guid":{"rendered":"https:\/\/www.o-p-i.fr\/parlonsen\/?p=44675"},"modified":"2020-01-09T23:48:09","modified_gmt":"2020-01-09T22:48:09","slug":"expo-sculptures-et-peintures-a-lisle-sur-tarn-81","status":"publish","type":"post","link":"https:\/\/www.o-p-i.fr\/parlonsen\/parlons-en\/culture\/expo-sculptures-et-peintures-a-lisle-sur-tarn-81\/","title":{"rendered":"Expo Sculptures et Peintures&#8230;\u00e0 Lisle sur Tarn (81)"},"content":{"rendered":"<p>Du <strong>mercredi 8 Janvier au dimanche 29 Mars 2020<\/strong>, \u00e0 l&rsquo;Embarcad\u00e8re.<!--more--><br \/>\nEn ce premier trimestre de l&rsquo;ann\u00e9e 2020, ce sont les galets de Garonne qui, dans un mariage entre la PIERRE et le FEU, font jaillir des ETINCELLES \u00e0 la galerie l&rsquo;Embarcad\u00e8re avec l&rsquo;exposition propos\u00e9e par le sculpteur Didier SALVAN et la Lisloise Claude LAPORTE, .<br \/>\n<img data-recalc-dims=\"1\" loading=\"lazy\" decoding=\"async\" class=\"alignright size-full wp-image-44676\" src=\"https:\/\/i0.wp.com\/www.o-p-i.fr\/parlonsen\/wp-content\/uploads\/Salvan.jpg?resize=279%2C338&#038;ssl=1\" alt=\"\" width=\"279\" height=\"338\" srcset=\"https:\/\/i0.wp.com\/www.o-p-i.fr\/parlonsen\/wp-content\/uploads\/Salvan.jpg?w=279&amp;ssl=1 279w, https:\/\/i0.wp.com\/www.o-p-i.fr\/parlonsen\/wp-content\/uploads\/Salvan.jpg?resize=248%2C300&amp;ssl=1 248w, https:\/\/i0.wp.com\/www.o-p-i.fr\/parlonsen\/wp-content\/uploads\/Salvan.jpg?resize=124%2C150&amp;ssl=1 124w\" sizes=\"auto, (max-width: 279px) 100vw, 279px\" \/><\/p>\n<p>Pour Didier SALVAN, la \u00ab\u00a0sculpture\u00a0\u00bb n&rsquo;est pas le r\u00e9sultat d&rsquo;une technique ou la r\u00e9alisation d&rsquo;un concept, mais l&rsquo;expression simple d&rsquo;un homme qui gratte son caillou avec un grand plaisir, un homme qui comprend sa faiblesse et qui demande \u00e0 la pierre de l&rsquo;aider \u00e0 avancer sur le chemin de la connaissance de soi.\u00a0\u00bb<\/p>\n<p><img data-recalc-dims=\"1\" loading=\"lazy\" decoding=\"async\" class=\"alignleft wp-image-44677 size-medium\" src=\"https:\/\/i0.wp.com\/www.o-p-i.fr\/parlonsen\/wp-content\/uploads\/Laporte-1.jpg?resize=231%2C300&#038;ssl=1\" alt=\"\" width=\"231\" height=\"300\" srcset=\"https:\/\/i0.wp.com\/www.o-p-i.fr\/parlonsen\/wp-content\/uploads\/Laporte-1.jpg?resize=231%2C300&amp;ssl=1 231w, https:\/\/i0.wp.com\/www.o-p-i.fr\/parlonsen\/wp-content\/uploads\/Laporte-1.jpg?resize=115%2C150&amp;ssl=1 115w, https:\/\/i0.wp.com\/www.o-p-i.fr\/parlonsen\/wp-content\/uploads\/Laporte-1.jpg?w=340&amp;ssl=1 340w\" sizes=\"auto, (max-width: 231px) 100vw, 231px\" \/>\u00ab\u00a0Paysages improbables\u00a0\u00bb, c&rsquo;est ainsi que Philippe Kaisin d\u00e9finit le travail de Claude LAPORTE.<br \/>\nEffectivement, apr\u00e8s avoir travaill\u00e9 le paysage r\u00e9el \u00e0 travers ses voyages dans les \u00eeles, elle revient dans son atelier tarnais; forte des impressions de l&rsquo;ext\u00e9rieur, elle cr\u00e9e un paysage figuratif libre&#8230;o\u00f9 l&rsquo;ambigu\u00eft\u00e9 de ses oeuvres, terriblement ludique, bouscule les notions convenues de tradition et de modernit\u00e9 pour \u00eatre puissamment contemporaine.<\/p>\n<p><img data-recalc-dims=\"1\" loading=\"lazy\" decoding=\"async\" class=\"alignleft wp-image-43132\" src=\"https:\/\/i0.wp.com\/www.o-p-i.fr\/parlonsen\/wp-content\/uploads\/Embarcad%C3%A8re-1.jpg?resize=250%2C43&#038;ssl=1\" alt=\"\" width=\"250\" height=\"43\" srcset=\"https:\/\/i0.wp.com\/www.o-p-i.fr\/parlonsen\/wp-content\/uploads\/Embarcad%C3%A8re-1.jpg?w=170&amp;ssl=1 170w, https:\/\/i0.wp.com\/www.o-p-i.fr\/parlonsen\/wp-content\/uploads\/Embarcad%C3%A8re-1.jpg?resize=150%2C26&amp;ssl=1 150w\" sizes=\"auto, (max-width: 250px) 100vw, 250px\" \/><\/p>\n<p>&nbsp;<\/p>\n<p>&nbsp;<\/p>\n<h4>L&#8217;embarcad\u00e8re<br \/>\n19 rue saint louis<br \/>\nLisle-sur-tarn 81310<\/h4>\n<p><em>Information communiqu\u00e9e par l&rsquo;Embarcad\u00e8re<\/em><\/p>\n<p><a href=\"http:\/\/www.o-p-i.fr\/parlonsen\/agenda\/\">Retrouvez tous les \u00e9v\u00e9nements dans l&rsquo;agenda !<\/a><\/p>\n","protected":false},"excerpt":{"rendered":"<div class=\"mh-excerpt\">Du mercredi 8 Janvier au dimanche 29 Mars 2020, \u00e0 l&rsquo;Embarcad\u00e8re.<\/div>\n","protected":false},"author":4,"featured_media":0,"comment_status":"open","ping_status":"open","sticky":false,"template":"","format":"standard","meta":{"om_disable_all_campaigns":false,"advanced_seo_description":"","jetpack_seo_html_title":"","jetpack_seo_noindex":false,"_jetpack_memberships_contains_paid_content":false,"footnotes":"","_links_to":"","_links_to_target":""},"categories":[42,1,54,3857],"tags":[77,269,646,2972],"class_list":{"0":"post-44675","1":"post","2":"type-post","3":"status-publish","4":"format-standard","6":"category-a-cote-de-chez-nous","7":"category-culture","8":"category-loisirs","9":"category-n-166-janvier-2020","10":"tag-lisle-sur-tarn","11":"tag-exposition-peinture","12":"tag-exposition-sculpture","13":"tag-lembarcadere"},"jetpack_featured_media_url":"","views":{"total":3,"cached_at":"","cached_date":1738511762},"jetpack_likes_enabled":true,"jetpack_sharing_enabled":true,"jetpack_shortlink":"https:\/\/wp.me\/pg7Wxj-bCz","jetpack-related-posts":[],"_links":{"self":[{"href":"https:\/\/www.o-p-i.fr\/parlonsen\/wp-json\/wp\/v2\/posts\/44675","targetHints":{"allow":["GET"]}}],"collection":[{"href":"https:\/\/www.o-p-i.fr\/parlonsen\/wp-json\/wp\/v2\/posts"}],"about":[{"href":"https:\/\/www.o-p-i.fr\/parlonsen\/wp-json\/wp\/v2\/types\/post"}],"author":[{"embeddable":true,"href":"https:\/\/www.o-p-i.fr\/parlonsen\/wp-json\/wp\/v2\/users\/4"}],"replies":[{"embeddable":true,"href":"https:\/\/www.o-p-i.fr\/parlonsen\/wp-json\/wp\/v2\/comments?post=44675"}],"version-history":[{"count":0,"href":"https:\/\/www.o-p-i.fr\/parlonsen\/wp-json\/wp\/v2\/posts\/44675\/revisions"}],"wp:attachment":[{"href":"https:\/\/www.o-p-i.fr\/parlonsen\/wp-json\/wp\/v2\/media?parent=44675"}],"wp:term":[{"taxonomy":"category","embeddable":true,"href":"https:\/\/www.o-p-i.fr\/parlonsen\/wp-json\/wp\/v2\/categories?post=44675"},{"taxonomy":"post_tag","embeddable":true,"href":"https:\/\/www.o-p-i.fr\/parlonsen\/wp-json\/wp\/v2\/tags?post=44675"}],"curies":[{"name":"wp","href":"https:\/\/api.w.org\/{rel}","templated":true}]}}