{"id":44776,"date":"2020-01-25T16:43:35","date_gmt":"2020-01-25T15:43:35","guid":{"rendered":"https:\/\/www.o-p-i.fr\/parlonsen\/?p=44776"},"modified":"2020-01-25T16:43:35","modified_gmt":"2020-01-25T15:43:35","slug":"revue-de-varietes-internationale-a-labastide-saint-pierre-82","status":"publish","type":"post","link":"https:\/\/www.o-p-i.fr\/parlonsen\/localisation\/a-cote-de-chez-nous\/revue-de-varietes-internationale-a-labastide-saint-pierre-82\/","title":{"rendered":"Revue de vari\u00e9t\u00e9s internationale&#8230; \u00e0 Labastide Saint Pierre (82)"},"content":{"rendered":"<p><strong>Dimanche 9 f\u00e9vrier 2020<\/strong>, 17h.30 \u00e0 La N\u00e9grette.<!--more--><img data-recalc-dims=\"1\" loading=\"lazy\" decoding=\"async\" class=\"alignright size-full wp-image-44777\" src=\"https:\/\/i0.wp.com\/www.o-p-i.fr\/parlonsen\/wp-content\/uploads\/honte.jpg?resize=340%2C277&#038;ssl=1\" alt=\"\" width=\"340\" height=\"277\" srcset=\"https:\/\/i0.wp.com\/www.o-p-i.fr\/parlonsen\/wp-content\/uploads\/honte.jpg?w=340&amp;ssl=1 340w, https:\/\/i0.wp.com\/www.o-p-i.fr\/parlonsen\/wp-content\/uploads\/honte.jpg?resize=300%2C244&amp;ssl=1 300w, https:\/\/i0.wp.com\/www.o-p-i.fr\/parlonsen\/wp-content\/uploads\/honte.jpg?resize=150%2C122&amp;ssl=1 150w\" sizes=\"auto, (max-width: 340px) 100vw, 340px\" \/>Revue de vari\u00e9t\u00e9s internationale d\u2019expression fran\u00e7aise !<br \/>\n<i>Apportez quelques douceurs \u00e0 partager pour terminer la soir\u00e9e avec les artistes.<\/i><\/p>\n<p><i>Concert tout public<\/i><br \/>\n<i>Organis\u00e9 par l\u2019<a href=\"https:\/\/www.o-p-i.fr\/aupays\/annuaire\/loisirs\/apoirc\/\" target=\"_blank\" rel=\"noopener noreferrer\">APOIRC (Association pour les Opportunit\u00e9s et les Initiatives R\u00e9gionales Culturelles)<\/a><\/i><br \/>\nVoix : Lo\u00efc Lantoine<br \/>\nVoix, accord\u00e9on, guitare\u00a0: Claude Delrieu<br \/>\nVoix, harmonica\u00a0: Eric Lareine<br \/>\nR\u00e9servation possible en <strong><a href=\"https:\/\/grandsud82.festik.net\/toute-honte-bue\/1\" target=\"_blank\" rel=\"noopener noreferrer\">cliquant ici<\/a><\/strong><\/p>\n<p><em>Information communiqu\u00e9e par Jo\u00ebl SAURIN<\/em><\/p>\n<p><a href=\"http:\/\/www.o-p-i.fr\/parlonsen\/agenda\/\">Retrouvez tous les \u00e9v\u00e9nements dans l&rsquo;agenda !<\/a><\/p>\n<p>&nbsp;<\/p>\n","protected":false},"excerpt":{"rendered":"<div class=\"mh-excerpt\">Dimanche 9 f\u00e9vrier 2020, 17h.30 \u00e0 La N\u00e9grette.<\/div>\n","protected":false},"author":4,"featured_media":0,"comment_status":"open","ping_status":"open","sticky":false,"template":"","format":"standard","meta":{"om_disable_all_campaigns":false,"advanced_seo_description":"","jetpack_seo_html_title":"","jetpack_seo_noindex":false,"_jetpack_memberships_contains_paid_content":false,"footnotes":"","_links_to":"","_links_to_target":""},"categories":[42,54,3870],"tags":[43,1077,2902,3381,3915],"class_list":{"0":"post-44776","1":"post","2":"type-post","3":"status-publish","4":"format-standard","6":"category-a-cote-de-chez-nous","7":"category-loisirs","8":"category-n-167-fevrier-2020","9":"tag-concert","10":"tag-labastide-saint-pierre","11":"tag-apoirc","12":"tag-varietes","13":"tag-les-musicales-du-dimanche"},"jetpack_featured_media_url":"","views":{"total":0,"cached_at":"","cached_date":1738471176},"jetpack_likes_enabled":true,"jetpack_sharing_enabled":true,"jetpack_shortlink":"https:\/\/wp.me\/pg7Wxj-bEc","jetpack-related-posts":[],"_links":{"self":[{"href":"https:\/\/www.o-p-i.fr\/parlonsen\/wp-json\/wp\/v2\/posts\/44776","targetHints":{"allow":["GET"]}}],"collection":[{"href":"https:\/\/www.o-p-i.fr\/parlonsen\/wp-json\/wp\/v2\/posts"}],"about":[{"href":"https:\/\/www.o-p-i.fr\/parlonsen\/wp-json\/wp\/v2\/types\/post"}],"author":[{"embeddable":true,"href":"https:\/\/www.o-p-i.fr\/parlonsen\/wp-json\/wp\/v2\/users\/4"}],"replies":[{"embeddable":true,"href":"https:\/\/www.o-p-i.fr\/parlonsen\/wp-json\/wp\/v2\/comments?post=44776"}],"version-history":[{"count":0,"href":"https:\/\/www.o-p-i.fr\/parlonsen\/wp-json\/wp\/v2\/posts\/44776\/revisions"}],"wp:attachment":[{"href":"https:\/\/www.o-p-i.fr\/parlonsen\/wp-json\/wp\/v2\/media?parent=44776"}],"wp:term":[{"taxonomy":"category","embeddable":true,"href":"https:\/\/www.o-p-i.fr\/parlonsen\/wp-json\/wp\/v2\/categories?post=44776"},{"taxonomy":"post_tag","embeddable":true,"href":"https:\/\/www.o-p-i.fr\/parlonsen\/wp-json\/wp\/v2\/tags?post=44776"}],"curies":[{"name":"wp","href":"https:\/\/api.w.org\/{rel}","templated":true}]}}