{"id":44800,"date":"2020-01-30T12:05:41","date_gmt":"2020-01-30T11:05:41","guid":{"rendered":"https:\/\/www.o-p-i.fr\/parlonsen\/?p=44800"},"modified":"2020-01-30T12:05:41","modified_gmt":"2020-01-30T11:05:41","slug":"my-utopia-en-concert-a-salvagnac-81","status":"publish","type":"post","link":"https:\/\/www.o-p-i.fr\/parlonsen\/localisation\/au-pays-des-tescous\/salvagnac\/my-utopia-en-concert-a-salvagnac-81\/","title":{"rendered":"\u00ab\u00a0My Utopia\u00a0\u00bb en concert &#8230; \u00e0 Salvagnac (81)"},"content":{"rendered":"<p><strong>Samedi 8 f\u00e9vrier 2020<\/strong>, d\u00e8s 19h.30 au Galetas.<!--more--><br \/>\n<img data-recalc-dims=\"1\" loading=\"lazy\" decoding=\"async\" class=\"alignright size-medium wp-image-44801\" src=\"https:\/\/i0.wp.com\/www.o-p-i.fr\/parlonsen\/wp-content\/uploads\/Utopia.jpg?resize=300%2C252&#038;ssl=1\" alt=\"\" width=\"300\" height=\"252\" srcset=\"https:\/\/i0.wp.com\/www.o-p-i.fr\/parlonsen\/wp-content\/uploads\/Utopia.jpg?resize=300%2C252&amp;ssl=1 300w, https:\/\/i0.wp.com\/www.o-p-i.fr\/parlonsen\/wp-content\/uploads\/Utopia.jpg?resize=150%2C126&amp;ssl=1 150w, https:\/\/i0.wp.com\/www.o-p-i.fr\/parlonsen\/wp-content\/uploads\/Utopia.jpg?resize=400%2C336&amp;ssl=1 400w, https:\/\/i0.wp.com\/www.o-p-i.fr\/parlonsen\/wp-content\/uploads\/Utopia.jpg?w=425&amp;ssl=1 425w\" sizes=\"auto, (max-width: 300px) 100vw, 300px\" \/>CONCERT \u00c0 21H00 : 7,50 \u20ac (GRATUIT POUR LES -12 ANS)<br \/>\nREPAS MAISON (SUR R\u00c9SERVATION) \u00c0 19H30 : 7,50 \u20ac (5,00 \u20ac POUR LES -12 ANS)<br \/>\nR\u00c9SERVATION OBLIGATOIRE POUR LE REPAS AU : 06 79 68 12 15<\/p>\n<p><span style=\"color: #ff0000;\"><strong>MY UTOPIA<\/strong><\/span><br \/>\nCabaret \u00b7 Chanson de salle de bain<br \/>\nUne histoire d&rsquo;amour impossible entre un musicien et sa muse, un producteur multi-instrumentiste bidouilleur et une chanteuse professionnelle de salle de bain&#8230; Entre douleur et na\u00efvet\u00e9, entre amour d\u00e9vorant et passion destructrice, cette relation fusionnelle vous entra\u00eene dans un voyage au coeur des m\u00e9andres de la passion !<\/p>\n<h4>A venir:<\/h4>\n<p><strong>SAMEDI 7 MARS<\/strong><br \/>\nJEREMIE BOSSONE<br \/>\nChanson po\u00e9tique \u00b7 Slam \u00b7 Rock alternatif Une histoire d&rsquo;amour impossible entre un musicien et sa muse, un producteur multi-instrumentiste bidouilleur et une chanteuse professionnelle de salle de bain&#8230; Entre douleur et na\u00efvet\u00e9, entre amour d\u00e9vorant et passion destructrice, cette relation fusionnelle vous entra\u00eene dans un voyage au coeur des m\u00e9andres de la passion !<\/p>\n<p><strong>SAMEDI 4 AVRIL<\/strong><br \/>\nDAVID LAFORE<br \/>\nChansons pop teint\u00e9es d&rsquo;absurde. Une histoire d&rsquo;amour impossible entre un musicien et sa muse, un producteur multi-instrumentiste bidouilleur et une chanteuse professionnelle de salle de bain&#8230; Entre douleur et na\u00efvet\u00e9, entre amour d\u00e9vorant et passion destructrice, cette relation fusionnelle vous entra\u00eene dans un voyage au coeur des m\u00e9andres de la passion !<\/p>\n<p><em>Information communiqu\u00e9e par \u00ab\u00a0Le Galetas\u00a0\u00bb<\/em><\/p>\n<p><a href=\"http:\/\/www.o-p-i.fr\/parlonsen\/agenda\/\">Retrouvez tous les \u00e9v\u00e9nements dans l&rsquo;agenda !<\/a><\/p>\n<p>&nbsp;<\/p>\n","protected":false},"excerpt":{"rendered":"<div class=\"mh-excerpt\">Samedi 8 f\u00e9vrier 2020, d\u00e8s 19h.30 au Galetas.<\/div>\n","protected":false},"author":4,"featured_media":0,"comment_status":"open","ping_status":"open","sticky":false,"template":"","format":"standard","meta":{"om_disable_all_campaigns":false,"advanced_seo_description":"","jetpack_seo_html_title":"","jetpack_seo_noindex":false,"_jetpack_memberships_contains_paid_content":false,"footnotes":"","_links_to":"","_links_to_target":""},"categories":[54,25,3870],"tags":[43,2548,157,1319],"class_list":{"0":"post-44800","1":"post","2":"type-post","3":"status-publish","4":"format-standard","6":"category-loisirs","7":"category-salvagnac","8":"category-n-167-fevrier-2020","9":"tag-concert","10":"tag-salvagnac","11":"tag-repas","12":"tag-le-galetas"},"jetpack_featured_media_url":"","views":{"total":0,"cached_at":"","cached_date":1738470048},"jetpack_likes_enabled":true,"jetpack_sharing_enabled":true,"jetpack_shortlink":"https:\/\/wp.me\/pg7Wxj-bEA","jetpack-related-posts":[],"_links":{"self":[{"href":"https:\/\/www.o-p-i.fr\/parlonsen\/wp-json\/wp\/v2\/posts\/44800","targetHints":{"allow":["GET"]}}],"collection":[{"href":"https:\/\/www.o-p-i.fr\/parlonsen\/wp-json\/wp\/v2\/posts"}],"about":[{"href":"https:\/\/www.o-p-i.fr\/parlonsen\/wp-json\/wp\/v2\/types\/post"}],"author":[{"embeddable":true,"href":"https:\/\/www.o-p-i.fr\/parlonsen\/wp-json\/wp\/v2\/users\/4"}],"replies":[{"embeddable":true,"href":"https:\/\/www.o-p-i.fr\/parlonsen\/wp-json\/wp\/v2\/comments?post=44800"}],"version-history":[{"count":0,"href":"https:\/\/www.o-p-i.fr\/parlonsen\/wp-json\/wp\/v2\/posts\/44800\/revisions"}],"wp:attachment":[{"href":"https:\/\/www.o-p-i.fr\/parlonsen\/wp-json\/wp\/v2\/media?parent=44800"}],"wp:term":[{"taxonomy":"category","embeddable":true,"href":"https:\/\/www.o-p-i.fr\/parlonsen\/wp-json\/wp\/v2\/categories?post=44800"},{"taxonomy":"post_tag","embeddable":true,"href":"https:\/\/www.o-p-i.fr\/parlonsen\/wp-json\/wp\/v2\/tags?post=44800"}],"curies":[{"name":"wp","href":"https:\/\/api.w.org\/{rel}","templated":true}]}}