{"id":44803,"date":"2020-01-30T16:45:39","date_gmt":"2020-01-30T15:45:39","guid":{"rendered":"https:\/\/www.o-p-i.fr\/parlonsen\/?p=44803"},"modified":"2020-02-20T10:31:25","modified_gmt":"2020-02-20T09:31:25","slug":"cinemonclar-le-programme-du-vendredi-14-fevrier-au-mardi-10-mars-2020-a-monclar-de-quercy","status":"publish","type":"post","link":"https:\/\/www.o-p-i.fr\/parlonsen\/localisation\/au-pays-des-tescous\/monclar\/cinemonclar-le-programme-du-vendredi-14-fevrier-au-mardi-10-mars-2020-a-monclar-de-quercy\/","title":{"rendered":"Cin\u00e9Monclar, le programme du vendredi 14 f\u00e9vrier au mardi 10 mars 2020 ..\u00e0 Monclar de Quercy"},"content":{"rendered":"<p><span style=\"font-size: small;\">Cin\u00e9monclar propose:<\/span><!--more--><\/p>\r\n<p>\u00a0<strong>Vendredi 14 f\u00e9vrier 2020<\/strong> <br \/>20h30\u00a0 1917\u00a0 <a href=\"http:\/\/www.allocine.fr\/video\/player_gen_cmedia=19585101&amp;cfilm=265567.html\" target=\"_blank\" rel=\"noopener noreferrer\"><span style=\"font-size: small;\">\u00a0<em>Pour voir la <\/em><em>bande<\/em><em> annonce, c<\/em><em>l<\/em><em>iquez<\/em><\/span> <\/a><\/p>\r\n<p><strong>Dimanche 16 f\u00e9vrier 2020<\/strong><\/p>\r\n<ul>\r\n<li style=\"text-align: left;\">16h00 Mission Y\u00e9ti\u00a0 <span style=\"font-size: small;\">\u00a0<a href=\"http:\/\/www.allocine.fr\/video\/player_gen_cmedia=19586121&amp;cfilm=257555.html\" target=\"_blank\" rel=\"noopener noreferrer\"><em>Pour voir la <\/em><em>bande<\/em><em> annonce, c<\/em><em>l<\/em><em>iquez<\/em><\/a><\/span><\/li>\r\n<li style=\"text-align: left;\">17h45 Je voudrais que quelqu\u2019un m\u2019attende quelque part\u00a0 <span style=\"font-size: small;\">\u00a0<a href=\"http:\/\/www.allocine.fr\/video\/player_gen_cmedia=19584092&amp;cfilm=147622.html\" target=\"_blank\" rel=\"noopener noreferrer\"><em>Pour voir la <\/em><em>bande<\/em><em> annonce, c<\/em><em>l<\/em><em>iquez<\/em><\/a><\/span><\/li>\r\n<\/ul>\r\n<p><strong>Mardi 18 f\u00e9vrier 2020<\/strong> <br \/>20h30 SWALLOW (vo)\u00a0 <span style=\"font-size: small;\">\u00a0<a href=\"http:\/\/www.allocine.fr\/video\/player_gen_cmedia=19586265&amp;cfilm=264594.html\" target=\"_blank\" rel=\"noopener noreferrer\"><em>Pour voir la <\/em><em>bande<\/em><em> annonce, c<\/em><em>l<\/em><em>iquez<\/em><\/a><\/span><\/p>\r\n<p><strong>Vendredi 21 f\u00e9vrier 2020<\/strong> <br \/>20h30 PLAY\u00a0 <span style=\"font-size: small;\">\u00a0<a href=\"http:\/\/www.allocine.fr\/video\/player_gen_cmedia=19586621&amp;cfilm=261633.html\" target=\"_blank\" rel=\"noopener noreferrer\"><em>Pour voir la <\/em><em>bande<\/em><em> annonce, c<\/em><em>l<\/em><em>iquez<\/em><\/a><\/span><\/p>\r\n<p><strong>Dimanche 23 f\u00e9vrier 2020<\/strong><\/p>\r\n<ul>\r\n<li>16h00 La bataille g\u00e9ante de Boules de neige 2\u00a0 <span style=\"font-size: small;\">\u00a0<a href=\"http:\/\/www.allocine.fr\/video\/player_gen_cmedia=19585464&amp;cfilm=270292.html\" target=\"_blank\" rel=\"noopener noreferrer\"><em>Pour voir la <\/em><em>bande<\/em><em> annonce, c<\/em><em>l<\/em><em>iquez<\/em><\/a><\/span><\/li>\r\n<li>17h45 #Jesuisl\u00e0\u00a0 <span style=\"font-size: small;\">\u00a0<a href=\"http:\/\/www.allocine.fr\/video\/player_gen_cmedia=19585526&amp;cfilm=267615.html\" target=\"_blank\" rel=\"noopener noreferrer\"><em>Pour voir la <\/em><em>bande<\/em><em> annonce, c<\/em><em>l<\/em><em>iquez<\/em><\/a><\/span><\/li>\r\n<\/ul>\r\n<p><strong>Mardi 25 f\u00e9vrier 2020<\/strong> 20h30 <br \/>Syst\u00e8me K (vo)\u00a0 <span style=\"font-size: small;\">\u00a0<em>P<a href=\"http:\/\/www.allocine.fr\/video\/player_gen_cmedia=19585390&amp;cfilm=266508.html\" target=\"_blank\" rel=\"noopener noreferrer\">our voir la <\/a><\/em><em>bande<\/em><em> annonce, c<\/em><em>l<\/em><em>iquez<\/em><\/span><\/p>\r\n<p><strong>Vendredi 21 f\u00e9vrier 2020<\/strong> <br \/>20h30 Bad Boys For LiFe\u00a0 <span style=\"font-size: small;\">\u00a0<a href=\"http:\/\/www.allocine.fr\/video\/player_gen_cmedia=19586405&amp;cfilm=172048.html\" target=\"_blank\" rel=\"noopener noreferrer\"><em>Pour voir la <\/em><em>bande<\/em><em> annonce, c<\/em><em>l<\/em><em>iquez<\/em><\/a><\/span><\/p>\r\n<p><strong>Dimanche 1er mars 2020<\/strong><\/p>\r\n<ul>\r\n<li>16h00 JOjo rabbit\u00a0 <span style=\"font-size: small;\">\u00a0<a href=\"https:\/\/www.sortiraparis.com\/loisirs\/cinema\/articles\/195545-jojo-rabbit-critique-bandes-annonces-et-interview\" target=\"_blank\" rel=\"noopener noreferrer\"><em>Pour voir la <\/em><em>bande<\/em><em> annonce, c<\/em><em>l<\/em><em>iquez<\/em><\/a><\/span><\/li>\r\n<li>17h45 la fille au bracelet\u00a0 <span style=\"font-size: small;\">\u00a0<a href=\"http:\/\/www.allocine.fr\/video\/player_gen_cmedia=19585512&amp;cfilm=262182.html\" target=\"_blank\" rel=\"noopener noreferrer\"><em>Pour voir la <\/em><em>bande<\/em><em> annonce, c<\/em><em>l<\/em><em>iquez<\/em><\/a><\/span><\/li>\r\n<\/ul>\r\n<p><strong>Mardi 3 mars 2020<\/strong> <br \/>20h30 Cuban Network (vo)\u00a0 <span style=\"font-size: small;\">\u00a0<a href=\"http:\/\/www.allocine.fr\/video\/player_gen_cmedia=19585431&amp;cfilm=255348.html\" target=\"_blank\" rel=\"noopener noreferrer\"><em>Pour voir la <\/em><em>bande<\/em><em> annonce, c<\/em><em>l<\/em><em>iquez<\/em><\/a><\/span><\/p>\r\n<p><strong>Vendredi 6 mars 2020<\/strong> <br \/>20h30 Scandale \u00a0 <span style=\"font-size: small;\">\u00a0<a href=\"http:\/\/www.allocine.fr\/video\/player_gen_cmedia=19586895&amp;cfilm=268490.html\" target=\"_blank\" rel=\"noopener noreferrer\"><em>Pour voir la <\/em><em>bande<\/em><em> annonce, c<\/em><em>l<\/em><em>iquez<\/em><\/a><\/span><\/p>\r\n<p><strong>Samedi 7 mars 2020 <span style=\"color: #ff0000;\">SOIR\u00c9E DES ABONN\u00c9 (E)S &#8211; Gratuit<\/span><\/strong><\/p>\r\n<ul>\r\n<li>17h00 Les v\u00e9tos \u00a0 <span style=\"font-size: small;\">\u00a0<a href=\"http:\/\/www.allocine.fr\/video\/player_gen_cmedia=19585279&amp;cfilm=267951.html\" target=\"_blank\" rel=\"noopener noreferrer\"><em>Pour voir la <\/em><em>bande<\/em><em> annonce, c<\/em><em>l<\/em><em>iquez<\/em><\/a><\/span><\/li>\r\n<li>19h00 Buffet<\/li>\r\n<\/ul>\r\n<p><strong>Dimanche 8 mars 2020<\/strong><\/p>\r\n<ul>\r\n<li>16h00 Ducobu 3\u00a0 <span style=\"font-size: small;\">\u00a0<a href=\"http:\/\/www.allocine.fr\/video\/player_gen_cmedia=19585499&amp;cfilm=270878.html\" target=\"_blank\" rel=\"noopener noreferrer\"><em>Pour voir la <\/em><em>bande<\/em><em> annonce, c<\/em><em>l<\/em><em>iquez<\/em><\/a><\/span><\/li>\r\n<li>17h45 Le Lion\u00a0 <span style=\"font-size: small;\">\u00a0<a href=\"http:\/\/www.allocine.fr\/video\/player_gen_cmedia=19587027&amp;cfilm=266064.html\" target=\"_blank\" rel=\"noopener noreferrer\"><em>Pour voir la <\/em><em>bande<\/em><em> annonce, c<\/em><em>l<\/em><em>iquez<\/em><\/a><\/span><\/li>\r\n<\/ul>\r\n<p><strong>Mardi 10 mars 2020<\/strong> 20h30 Dark waters (vo)\u00a0 <span style=\"font-size: small;\">\u00a0<em>Pour voir la <\/em><em>bande<\/em><em> annonce, c<\/em><em>l<\/em><em>iquez<\/em><\/span><\/p>\r\n<div>Pour t\u00e9l\u00e9charger le programme illustr\u00e9 n\u00b086 cliquez ici:<strong> <a href=\"https:\/\/www.o-p-i.fr\/parlonsen\/wp-content\/uploads\/Numerique-86.pdf\">Numerique 86<\/a><br \/><br \/><\/strong><\/div>\r\n<div>\r\n<div><em>Information communiqu\u00e9e par Guy ROUMAGNAC<\/em><\/div>\r\n<div><!-- \/wp:post-content -->\r\n\r\n<!-- wp:paragraph --><a href=\"https:\/\/www.o-p-i.fr\/parlonsen\/agenda\/\">Retrouvez tous les \u00e9v\u00e9nements dans l&rsquo;agenda !<\/a><\/div>\r\n<\/div>","protected":false},"excerpt":{"rendered":"<div class=\"mh-excerpt\">Cin\u00e9monclar propose:<\/div>\n","protected":false},"author":4,"featured_media":0,"comment_status":"open","ping_status":"open","sticky":false,"template":"","format":"standard","meta":{"om_disable_all_campaigns":false,"advanced_seo_description":"","jetpack_seo_html_title":"","jetpack_seo_noindex":false,"_jetpack_memberships_contains_paid_content":false,"footnotes":"","_links_to":"","_links_to_target":""},"categories":[52,16,54,3870],"tags":[143,1264,1768,1833,2998,3920],"class_list":{"0":"post-44803","1":"post","2":"type-post","3":"status-publish","4":"format-standard","6":"category-parlons-en","7":"category-monclar","8":"category-loisirs","9":"category-n-167-fevrier-2020","10":"tag-monclar-de-quercy","11":"tag-programme","12":"tag-cinemonclar","13":"tag-programme-cinema","14":"tag-cine-monclar","15":"tag-soiree-des-abonnes"},"jetpack_featured_media_url":"","views":{"total":0,"cached_at":"","cached_date":1738478724},"jetpack_likes_enabled":true,"jetpack_sharing_enabled":true,"jetpack_shortlink":"https:\/\/wp.me\/pg7Wxj-bED","jetpack-related-posts":[],"_links":{"self":[{"href":"https:\/\/www.o-p-i.fr\/parlonsen\/wp-json\/wp\/v2\/posts\/44803","targetHints":{"allow":["GET"]}}],"collection":[{"href":"https:\/\/www.o-p-i.fr\/parlonsen\/wp-json\/wp\/v2\/posts"}],"about":[{"href":"https:\/\/www.o-p-i.fr\/parlonsen\/wp-json\/wp\/v2\/types\/post"}],"author":[{"embeddable":true,"href":"https:\/\/www.o-p-i.fr\/parlonsen\/wp-json\/wp\/v2\/users\/4"}],"replies":[{"embeddable":true,"href":"https:\/\/www.o-p-i.fr\/parlonsen\/wp-json\/wp\/v2\/comments?post=44803"}],"version-history":[{"count":0,"href":"https:\/\/www.o-p-i.fr\/parlonsen\/wp-json\/wp\/v2\/posts\/44803\/revisions"}],"wp:attachment":[{"href":"https:\/\/www.o-p-i.fr\/parlonsen\/wp-json\/wp\/v2\/media?parent=44803"}],"wp:term":[{"taxonomy":"category","embeddable":true,"href":"https:\/\/www.o-p-i.fr\/parlonsen\/wp-json\/wp\/v2\/categories?post=44803"},{"taxonomy":"post_tag","embeddable":true,"href":"https:\/\/www.o-p-i.fr\/parlonsen\/wp-json\/wp\/v2\/tags?post=44803"}],"curies":[{"name":"wp","href":"https:\/\/api.w.org\/{rel}","templated":true}]}}