{"id":44817,"date":"2020-01-30T19:15:01","date_gmt":"2020-01-30T18:15:01","guid":{"rendered":"https:\/\/www.o-p-i.fr\/parlonsen\/?p=44817"},"modified":"2020-01-30T20:23:53","modified_gmt":"2020-01-30T19:23:53","slug":"stage-dimprovisations-a-reynies-82-2","status":"publish","type":"post","link":"https:\/\/www.o-p-i.fr\/parlonsen\/localisation\/a-cote-de-chez-nous\/stage-dimprovisations-a-reynies-82-2\/","title":{"rendered":"Stage d\u2019improvisations &#8230; \u00e0 Reyni\u00e8s (82)"},"content":{"rendered":"<p><strong>Samedi 7 et dimanche 8 mars 2020.<\/strong> <!--more--><br \/>\n<img data-recalc-dims=\"1\" loading=\"lazy\" decoding=\"async\" class=\"alignright size-full wp-image-44818\" src=\"https:\/\/i0.wp.com\/www.o-p-i.fr\/parlonsen\/wp-content\/uploads\/impro.jpg?resize=283%2C231&#038;ssl=1\" alt=\"\" width=\"283\" height=\"231\" srcset=\"https:\/\/i0.wp.com\/www.o-p-i.fr\/parlonsen\/wp-content\/uploads\/impro.jpg?w=283&amp;ssl=1 283w, https:\/\/i0.wp.com\/www.o-p-i.fr\/parlonsen\/wp-content\/uploads\/impro.jpg?resize=150%2C122&amp;ssl=1 150w\" sizes=\"auto, (max-width: 283px) 100vw, 283px\" \/>Stage d\u2019improvisations pour adultes et adolescents \u00e0 partir de 16 ans.<\/p>\n<p>Pour passer un bon moment en s\u2019exp\u00e9rimentant avec les techniques d\u2019improvisations.<\/p>\n<p>Horaires :<\/p>\n<ul>\n<li>Samedi 13h30 \u00e0 17h30<\/li>\n<li>Dimanche de 10h \u00e0 17h<\/li>\n<\/ul>\n<p>Co\u00fbt : 55 \u20ac les deux jours.<br \/>\nTenue d\u00e9contract\u00e9e et sourire souhait\u00e9s !<\/p>\n<p>Contact et r\u00e9servation obligatoire :<br \/>\nsur Site : <a href=\"http:\/\/artsettheatre.free.fr\/Impros.html\" target=\"_blank\" rel=\"noopener noreferrer\">http:\/\/artsettheatre.free.fr\/Impros.html<\/a><br \/>\nCourriel: <a href=\"mailto:colllette@free.fr\" target=\"_blank\" rel=\"noopener noreferrer\">colllette@free.fr<\/a><br \/>\nTel : 09 84 48 68 99<\/p>\n<p><em>Information communiqu\u00e9e par Colette TCHOURBASSOF<\/em><\/p>\n<p><a href=\"http:\/\/www.o-p-i.fr\/parlonsen\/agenda\/\">Retrouvez tous les \u00e9v\u00e9nements dans l&rsquo;agenda !<\/a><\/p>\n<p>&nbsp;<\/p>\n<p>&nbsp;<\/p>\n","protected":false},"excerpt":{"rendered":"<div class=\"mh-excerpt\">Samedi 7 et dimanche 8 mars 2020.<\/div>\n","protected":false},"author":4,"featured_media":0,"comment_status":"open","ping_status":"open","sticky":false,"template":"","format":"standard","meta":{"om_disable_all_campaigns":false,"advanced_seo_description":"","jetpack_seo_html_title":"","jetpack_seo_noindex":false,"_jetpack_memberships_contains_paid_content":false,"footnotes":"","_links_to":"","_links_to_target":""},"categories":[42,725,3916],"tags":[313,1646,3495],"class_list":{"0":"post-44817","1":"post","2":"type-post","3":"status-publish","4":"format-standard","6":"category-a-cote-de-chez-nous","7":"category-formation-parlons-en","8":"category-n-168-mars-2020","9":"tag-reynies","10":"tag-stage-adoadultes","11":"tag-stage-dimprovisation"},"jetpack_featured_media_url":"","views":{"total":0,"cached_at":"","cached_date":1738423360},"jetpack_likes_enabled":true,"jetpack_sharing_enabled":true,"jetpack_shortlink":"https:\/\/wp.me\/pg7Wxj-bER","jetpack-related-posts":[],"_links":{"self":[{"href":"https:\/\/www.o-p-i.fr\/parlonsen\/wp-json\/wp\/v2\/posts\/44817","targetHints":{"allow":["GET"]}}],"collection":[{"href":"https:\/\/www.o-p-i.fr\/parlonsen\/wp-json\/wp\/v2\/posts"}],"about":[{"href":"https:\/\/www.o-p-i.fr\/parlonsen\/wp-json\/wp\/v2\/types\/post"}],"author":[{"embeddable":true,"href":"https:\/\/www.o-p-i.fr\/parlonsen\/wp-json\/wp\/v2\/users\/4"}],"replies":[{"embeddable":true,"href":"https:\/\/www.o-p-i.fr\/parlonsen\/wp-json\/wp\/v2\/comments?post=44817"}],"version-history":[{"count":0,"href":"https:\/\/www.o-p-i.fr\/parlonsen\/wp-json\/wp\/v2\/posts\/44817\/revisions"}],"wp:attachment":[{"href":"https:\/\/www.o-p-i.fr\/parlonsen\/wp-json\/wp\/v2\/media?parent=44817"}],"wp:term":[{"taxonomy":"category","embeddable":true,"href":"https:\/\/www.o-p-i.fr\/parlonsen\/wp-json\/wp\/v2\/categories?post=44817"},{"taxonomy":"post_tag","embeddable":true,"href":"https:\/\/www.o-p-i.fr\/parlonsen\/wp-json\/wp\/v2\/tags?post=44817"}],"curies":[{"name":"wp","href":"https:\/\/api.w.org\/{rel}","templated":true}]}}