{"id":44842,"date":"2020-02-03T23:20:27","date_gmt":"2020-02-03T22:20:27","guid":{"rendered":"https:\/\/www.o-p-i.fr\/parlonsen\/?p=44842"},"modified":"2020-02-03T23:20:27","modified_gmt":"2020-02-03T22:20:27","slug":"inventaires-theatre-a-penne-81","status":"publish","type":"post","link":"https:\/\/www.o-p-i.fr\/parlonsen\/localisation\/a-cote-de-chez-nous\/inventaires-theatre-a-penne-81\/","title":{"rendered":"\u00ab\u00a0Inventaires\u00a0\u00bb, th\u00e9\u00e2tre &#8230;\u00e0 Penne (81)"},"content":{"rendered":"<p><strong>Dimanche 1er mars 2020<\/strong>, \u00e0 17h. \u00e0 la salle des f\u00eates.<!--more--><\/p>\n<p><img data-recalc-dims=\"1\" loading=\"lazy\" decoding=\"async\" class=\"alignright size-full wp-image-44843\" src=\"https:\/\/i0.wp.com\/www.o-p-i.fr\/parlonsen\/wp-content\/uploads\/inventaire.jpg?resize=340%2C468&#038;ssl=1\" alt=\"\" width=\"340\" height=\"468\" srcset=\"https:\/\/i0.wp.com\/www.o-p-i.fr\/parlonsen\/wp-content\/uploads\/inventaire.jpg?w=340&amp;ssl=1 340w, https:\/\/i0.wp.com\/www.o-p-i.fr\/parlonsen\/wp-content\/uploads\/inventaire.jpg?resize=218%2C300&amp;ssl=1 218w, https:\/\/i0.wp.com\/www.o-p-i.fr\/parlonsen\/wp-content\/uploads\/inventaire.jpg?resize=109%2C150&amp;ssl=1 109w\" sizes=\"auto, (max-width: 340px) 100vw, 340px\" \/>La compagnie GRAINE DE TH\u00c9\u00c2TRE propose INVENTAIRES, une pi\u00e8ce d&rsquo;apr\u00e8s Philippe Minyana<\/p>\n<p>Un jeu dont la r\u00e8gle est de raconter sa vie, un INVENTAIRE des vies bien remplies de trois femmes. \u00c0 ce jeu, il faut tout dire tout avouer, donner des d\u00e9tails&#8230; Elles ont accept\u00e9 la r\u00e8gle et s&rsquo;exposent en public : c&rsquo;est le th\u00e9\u00e2tre de la vie en un marathon des mots \u00e9bouriffant, elles sont si sinc\u00e8res qu&rsquo;elles en sont bouleversantes&#8230;<\/p>\n<p>N&rsquo;h\u00e9sitez pas \u00e0 partager !.<\/p>\n<p>Participation au chapeau libre&#8230;mais n\u00e9cessaire !<\/p>\n<p><strong><a href=\"http:\/\/www.grainedetheatre.top\" target=\"_blank\" rel=\"noopener noreferrer\">COMPAGNIE GRAINE DE TH\u00c9\u00c2TRE<\/a><\/strong><br \/>\n81140 VAOUR<br \/>\nT\u00e9l: 06 34 10 71 86\u00a0 ou 05 63 58 13 18<br \/>\nCourriel: <a href=\"mailto:contact@grainedetheatre.top\" target=\"_blank\" rel=\"noopener noreferrer\">contact@grainedetheatre.top<\/a><\/p>\n<p><em>Information communiqu\u00e9e par Claire<\/em><\/p>\n<p><a href=\"http:\/\/www.o-p-i.fr\/parlonsen\/agenda\/\">Retrouvez tous les \u00e9v\u00e9nements dans l&rsquo;agenda !<\/a><\/p>\n<p>&nbsp;<\/p>\n","protected":false},"excerpt":{"rendered":"<div class=\"mh-excerpt\">Dimanche 1er mars 2020, \u00e0 17h. \u00e0 la salle des f\u00eates.<\/div>\n","protected":false},"author":4,"featured_media":0,"comment_status":"open","ping_status":"open","sticky":false,"template":"","format":"standard","meta":{"om_disable_all_campaigns":false,"advanced_seo_description":"","jetpack_seo_html_title":"","jetpack_seo_noindex":false,"_jetpack_memberships_contains_paid_content":false,"footnotes":"","_links_to":"","_links_to_target":""},"categories":[42,54,3916],"tags":[57,681,3924],"class_list":{"0":"post-44842","1":"post","2":"type-post","3":"status-publish","4":"format-standard","6":"category-a-cote-de-chez-nous","7":"category-loisirs","8":"category-n-168-mars-2020","9":"tag-theatre","10":"tag-penne","11":"tag-graine-de-theatre"},"jetpack_featured_media_url":"","views":{"total":0,"cached_at":"","cached_date":1738278880},"jetpack_likes_enabled":true,"jetpack_sharing_enabled":true,"jetpack_shortlink":"https:\/\/wp.me\/pg7Wxj-bFg","jetpack-related-posts":[],"_links":{"self":[{"href":"https:\/\/www.o-p-i.fr\/parlonsen\/wp-json\/wp\/v2\/posts\/44842","targetHints":{"allow":["GET"]}}],"collection":[{"href":"https:\/\/www.o-p-i.fr\/parlonsen\/wp-json\/wp\/v2\/posts"}],"about":[{"href":"https:\/\/www.o-p-i.fr\/parlonsen\/wp-json\/wp\/v2\/types\/post"}],"author":[{"embeddable":true,"href":"https:\/\/www.o-p-i.fr\/parlonsen\/wp-json\/wp\/v2\/users\/4"}],"replies":[{"embeddable":true,"href":"https:\/\/www.o-p-i.fr\/parlonsen\/wp-json\/wp\/v2\/comments?post=44842"}],"version-history":[{"count":0,"href":"https:\/\/www.o-p-i.fr\/parlonsen\/wp-json\/wp\/v2\/posts\/44842\/revisions"}],"wp:attachment":[{"href":"https:\/\/www.o-p-i.fr\/parlonsen\/wp-json\/wp\/v2\/media?parent=44842"}],"wp:term":[{"taxonomy":"category","embeddable":true,"href":"https:\/\/www.o-p-i.fr\/parlonsen\/wp-json\/wp\/v2\/categories?post=44842"},{"taxonomy":"post_tag","embeddable":true,"href":"https:\/\/www.o-p-i.fr\/parlonsen\/wp-json\/wp\/v2\/tags?post=44842"}],"curies":[{"name":"wp","href":"https:\/\/api.w.org\/{rel}","templated":true}]}}