{"id":44869,"date":"2020-02-05T16:01:15","date_gmt":"2020-02-05T15:01:15","guid":{"rendered":"https:\/\/www.o-p-i.fr\/parlonsen\/?p=44869"},"modified":"2020-02-05T16:01:15","modified_gmt":"2020-02-05T15:01:15","slug":"aidons-les-aidants-a-fronton-31","status":"publish","type":"post","link":"https:\/\/www.o-p-i.fr\/parlonsen\/parlons-en\/pratique\/aidons-les-aidants-a-fronton-31\/","title":{"rendered":"\u00ab\u00a0Aidons les aidants !\u00a0\u00bb&#8230; \u00e0 Fronton (31)"},"content":{"rendered":"<p><strong>Lundi 24 f\u00e9vrier 2020<\/strong>, de 11h. \u00e0 midi, Pr\u00e9au des Chevaliers de Malte.<!--more--><\/p>\n<figure id=\"attachment_44870\" aria-describedby=\"caption-attachment-44870\" style=\"width: 340px\" class=\"wp-caption alignleft\"><img data-recalc-dims=\"1\" loading=\"lazy\" decoding=\"async\" class=\"wp-image-44870 size-full\" src=\"https:\/\/i0.wp.com\/www.o-p-i.fr\/parlonsen\/wp-content\/uploads\/Fronton.jpg?resize=340%2C480&#038;ssl=1\" alt=\"\" width=\"340\" height=\"480\" srcset=\"https:\/\/i0.wp.com\/www.o-p-i.fr\/parlonsen\/wp-content\/uploads\/Fronton.jpg?w=340&amp;ssl=1 340w, https:\/\/i0.wp.com\/www.o-p-i.fr\/parlonsen\/wp-content\/uploads\/Fronton.jpg?resize=213%2C300&amp;ssl=1 213w, https:\/\/i0.wp.com\/www.o-p-i.fr\/parlonsen\/wp-content\/uploads\/Fronton.jpg?resize=106%2C150&amp;ssl=1 106w\" sizes=\"auto, (max-width: 340px) 100vw, 340px\" \/><figcaption id=\"caption-attachment-44870\" class=\"wp-caption-text\">\u00ab\u00a0Aidons les aidants\u00a0\u00bb<\/figcaption><\/figure>\n<p>Le CCAS de Fronton en partenariat avec le CODEP EPGV 31 vous proposent des ateliers \u00ab Gestes et Techniques pour les Aidants \u00bb.<\/p>\n<p>Vous aidez un proche, un parent, un voisin, un enfant \u2026, ces ateliers sont pour vous !<\/p>\n<p>Ce programme est \u00e0 destination des aidants (ou personne pouvant le devenir), dans le but de :<\/p>\n<ul>\n<li>Pr\u00e9venir toutes douleurs musculaires et articulaires (dos-\u00e9paules-poignets-genoux\u2026) par l\u2019apprentissage de gestes et techniques d\u2019aide \u00e0 la personne<\/li>\n<li>Limiter leur \u00e9puisement<\/li>\n<li>Favoriser le lien social par la communication avec d\u2019autres aidants<\/li>\n<li>Apprendre \u00e0 se relaxer<\/li>\n<li>Am\u00e9liorer leur condition physique : avec du renforcement musculaire adapt\u00e9<\/li>\n<li>Pendre soin de soi, c\u2019est aussi important que prendre soin de l\u2019autre !<\/li>\n<\/ul>\n<p>Une premi\u00e8re r\u00e9union d\u2019information est pr\u00e9vue le 24 f\u00e9vrier 2020 de 11h \u00e0 12h au Pr\u00e9au des Chevaliers de Malte.<br \/>\nA la suite, il y a neuf s\u00e9ances d\u2019activit\u00e9s, les lundis 2, 9, 16, 23 et 30 mars, 6, 20 et 27 avril 2020 ainsi que le 4 mai 2020.<\/p>\n<p>Retenez-donc ce premier rendez-vous et <strong><span style=\"color: #ff0000;\">inscrivez-vous<\/span><\/strong> aupr\u00e8s de Laura LAGLEYZE au 05.62.79.92.14 (CCAS DE FRONTON) avant le 10 f\u00e9vrier 2020.<\/p>\n<p>Ces ateliers sont enti\u00e8rement gratuits. N\u2019h\u00e9sitez pas \u00e0 en parler autour de vous.<\/p>\n<p><em>Information communiqu\u00e9e par Laura LAGLEYZE<\/em><\/p>\n<p><a href=\"http:\/\/www.o-p-i.fr\/parlonsen\/agenda\/\">Retrouvez tous les \u00e9v\u00e9nements dans l&rsquo;agenda !<\/a><\/p>\n","protected":false},"excerpt":{"rendered":"<div class=\"mh-excerpt\">Lundi 24 f\u00e9vrier 2020, de 11h. \u00e0 midi, Pr\u00e9au des Chevaliers de Malte.<\/div>\n","protected":false},"author":4,"featured_media":0,"comment_status":"open","ping_status":"open","sticky":false,"template":"","format":"standard","meta":{"om_disable_all_campaigns":false,"advanced_seo_description":"","jetpack_seo_html_title":"","jetpack_seo_noindex":false,"_jetpack_memberships_contains_paid_content":false,"footnotes":"","_links_to":"","_links_to_target":""},"categories":[42,6,3870],"tags":[180,195,634,1684,2181],"class_list":{"0":"post-44869","1":"post","2":"type-post","3":"status-publish","4":"format-standard","6":"category-a-cote-de-chez-nous","7":"category-pratique","8":"category-n-167-fevrier-2020","9":"tag-atelier","10":"tag-stage","11":"tag-ccas","12":"tag-fronton","13":"tag-aidants-familiaux"},"jetpack_featured_media_url":"","views":{"total":0,"cached_at":"","cached_date":1738442282},"jetpack_likes_enabled":true,"jetpack_sharing_enabled":true,"jetpack_shortlink":"https:\/\/wp.me\/pg7Wxj-bFH","jetpack-related-posts":[],"_links":{"self":[{"href":"https:\/\/www.o-p-i.fr\/parlonsen\/wp-json\/wp\/v2\/posts\/44869","targetHints":{"allow":["GET"]}}],"collection":[{"href":"https:\/\/www.o-p-i.fr\/parlonsen\/wp-json\/wp\/v2\/posts"}],"about":[{"href":"https:\/\/www.o-p-i.fr\/parlonsen\/wp-json\/wp\/v2\/types\/post"}],"author":[{"embeddable":true,"href":"https:\/\/www.o-p-i.fr\/parlonsen\/wp-json\/wp\/v2\/users\/4"}],"replies":[{"embeddable":true,"href":"https:\/\/www.o-p-i.fr\/parlonsen\/wp-json\/wp\/v2\/comments?post=44869"}],"version-history":[{"count":0,"href":"https:\/\/www.o-p-i.fr\/parlonsen\/wp-json\/wp\/v2\/posts\/44869\/revisions"}],"wp:attachment":[{"href":"https:\/\/www.o-p-i.fr\/parlonsen\/wp-json\/wp\/v2\/media?parent=44869"}],"wp:term":[{"taxonomy":"category","embeddable":true,"href":"https:\/\/www.o-p-i.fr\/parlonsen\/wp-json\/wp\/v2\/categories?post=44869"},{"taxonomy":"post_tag","embeddable":true,"href":"https:\/\/www.o-p-i.fr\/parlonsen\/wp-json\/wp\/v2\/tags?post=44869"}],"curies":[{"name":"wp","href":"https:\/\/api.w.org\/{rel}","templated":true}]}}