{"id":44885,"date":"2020-02-06T11:42:31","date_gmt":"2020-02-06T10:42:31","guid":{"rendered":"https:\/\/www.o-p-i.fr\/parlonsen\/?p=44885"},"modified":"2025-11-08T07:52:15","modified_gmt":"2025-11-08T06:52:15","slug":"jacques-bienvenu-artiste-jeunesse-a-negrepelisse-82","status":"publish","type":"post","link":"https:\/\/www.o-p-i.fr\/parlonsen\/localisation\/a-cote-de-chez-nous\/jacques-bienvenu-artiste-jeunesse-a-negrepelisse-82\/","title":{"rendered":"Jacques Bienvenu \u00ab\u00a0artiste Jeunesse\u00a0\u00bb&#8230; \u00e0 N\u00e8grepelisse (82)"},"content":{"rendered":"<p><strong>Dimanche 1er mars 2020<\/strong>, au salon du livre et de la B.D.<!--more--> <img data-recalc-dims=\"1\" loading=\"lazy\" decoding=\"async\" class=\"alignleft size-full wp-image-44887\" src=\"https:\/\/i0.wp.com\/www.o-p-i.fr\/parlonsen\/wp-content\/uploads\/Bienvenu.jpg?resize=340%2C439&#038;ssl=1\" alt=\"\" width=\"340\" height=\"439\" srcset=\"https:\/\/i0.wp.com\/www.o-p-i.fr\/parlonsen\/wp-content\/uploads\/Bienvenu.jpg?w=340&amp;ssl=1 340w, https:\/\/i0.wp.com\/www.o-p-i.fr\/parlonsen\/wp-content\/uploads\/Bienvenu.jpg?resize=232%2C300&amp;ssl=1 232w, https:\/\/i0.wp.com\/www.o-p-i.fr\/parlonsen\/wp-content\/uploads\/Bienvenu.jpg?resize=116%2C150&amp;ssl=1 116w\" sizes=\"auto, (max-width: 340px) 100vw, 340px\" \/>Jacques Bienvenu artiste Jeunesse depuis pr\u00e8s de 50 ans avec et pour les enfants<br \/>\nAuteur, compositeur, interpr\u00e8te, passionn\u00e9 d&rsquo;enfance et m\u00eame d\u2019enfances, comme il aime \u00e0 le souligner, Jacques BIENVENU est un touche \u00e0 tout autodidacte dans les domaines du th\u00e9\u00e2tre, de la chanson, de la litt\u00e9rature jeunesse et autres et de la musique. Il pense que l&rsquo;enfance est la derni\u00e8re vraie valeur \u00e0 sauvegarder !<br \/>\nIl anime depuis plus de 35 ans des ateliers de com\u00e9die musicale pour enfants toute l&rsquo;ann\u00e9e et produit des spectacles (plus de 700 \u00e0 ce jour en France et Suisse), stages, tourn\u00e9es nationales en direction du jeune public et de la famille. A la fois auteur, compositeur, interpr\u00e8te, guitariste, acteur, po\u00e8te, conteur et metteur en sc\u00e8ne, il n\u2019a pas le temps de s\u2019ennuyer lui qui voulait embrasser la profession d\u2019instituteur et obtiendra le concours de l\u2019Ecole Normale, \u00e0 15 ans 1\/2 ans, puis un baccalaur\u00e9at litt\u00e9raire \u00ab\u00a0avec mention Bien\u00a0\u00bb, suivi du CAP d\u2019instituteur. Il en profite pour faire parall\u00e8lement une carri\u00e8re d\u2019animateur puis de directeur de centres de loisirs et colonies de vacances pendant 25 ans.<br \/>\nLes outils p\u00e9dagogiques que sont la chanson et le th\u00e9\u00e2tre seront pour lui une r\u00e9v\u00e9lation et il ne cessera de les utiliser dans ses classes successives avec ses \u00e9l\u00e8ves, jusqu\u2019\u00e0 ce qu\u2019il monte \u00e0 son tour ses propres spectacles et se mette \u00e0 \u00e9crire et composer des chansons, des po\u00e8mes puis des albums de litt\u00e9rature jeunesse (9 \u00e0 ce jour). Son inspiration, il la puise directement aupr\u00e8s des enfants autant dans son imaginaire que dans les longues conversations qu\u2019il entretient avec eux.<br \/>\nSon concept est le livre CD avec texte du conte, chansons et versions instrumentales. Le livre devient alors outil de toutes ses vies et passions, et offre un aspect p\u00e9dagogique et ludique incontestable.<br \/>\nLes histoires aux illustrations magnifiques, sont des contes souvent fantastiques o\u00f9 les enfants vont s\u2019interroger, d\u00e9couvrir et imaginer. Bref, pr\u00e8s de 50 ans au service des enfants, par passion, pour un homme profond\u00e9ment humaniste, \u00e9pris d\u2019enfance, de nature, de litt\u00e9rature, le tout en notes de musiques incessantes modernes et vivantes.<\/p>\n<p>Salon du livre et de la B.D. vous pouvez d\u00e9couvrir la liste des auteurs pr\u00e9sents en <a href=\"https:\/\/www.o-p-i.fr\/7alire\/7-a-lire-actu\/11eme-salon-du-livre-et-de-la-b-d-dimanche-1er-mars-2020-a-negrepelisse-82\/\" target=\"_blank\" rel=\"noopener noreferrer\">cliquant ici<\/a><\/p>\n<p>ainsi que les animations propos\u00e9es en <a href=\"https:\/\/www.o-p-i.fr\/7alire\/non-classe\/en-marge-du-11ieme-salon-du-livre-et-de-la-bd-de-negrepelisse-82\/\" target=\"_blank\" rel=\"noopener noreferrer\">cliquant l\u00e0<\/a><\/p>\n<p><em>Information communiqu\u00e9e par RobertbLINAS<\/em><\/p>\n<p><a href=\"http:\/\/www.o-p-i.fr\/parlonsen\/agenda\/\">Retrouvez tous les \u00e9v\u00e9nements dans l&rsquo;agenda !<\/a><\/p>\n","protected":false},"excerpt":{"rendered":"<div class=\"mh-excerpt\">Dimanche 1er mars 2020, au salon du livre et de la B.D.<\/div>\n","protected":false},"author":4,"featured_media":0,"comment_status":"open","ping_status":"open","sticky":false,"template":"","format":"standard","meta":{"om_disable_all_campaigns":false,"advanced_seo_description":"","jetpack_seo_html_title":"","jetpack_seo_noindex":false,"_jetpack_memberships_contains_paid_content":false,"footnotes":"","_links_to":"","_links_to_target":""},"categories":[52,42,54,3916],"tags":[100,126,145,678,1141,3127],"class_list":{"0":"post-44885","1":"post","2":"type-post","3":"status-publish","4":"format-standard","6":"category-parlons-en","7":"category-a-cote-de-chez-nous","8":"category-loisirs","9":"category-n-168-mars-2020","10":"tag-negrepelisse","11":"tag-7-a-lire","12":"tag-animation","13":"tag-salon-du-livre","14":"tag-bd","15":"tag-auteurs"},"jetpack_featured_media_url":"","views":{"total":0,"cached_at":"","cached_date":1738484733},"jetpack_likes_enabled":true,"jetpack_sharing_enabled":true,"jetpack_shortlink":"https:\/\/wp.me\/pg7Wxj-bFX","jetpack-related-posts":[],"_links":{"self":[{"href":"https:\/\/www.o-p-i.fr\/parlonsen\/wp-json\/wp\/v2\/posts\/44885","targetHints":{"allow":["GET"]}}],"collection":[{"href":"https:\/\/www.o-p-i.fr\/parlonsen\/wp-json\/wp\/v2\/posts"}],"about":[{"href":"https:\/\/www.o-p-i.fr\/parlonsen\/wp-json\/wp\/v2\/types\/post"}],"author":[{"embeddable":true,"href":"https:\/\/www.o-p-i.fr\/parlonsen\/wp-json\/wp\/v2\/users\/4"}],"replies":[{"embeddable":true,"href":"https:\/\/www.o-p-i.fr\/parlonsen\/wp-json\/wp\/v2\/comments?post=44885"}],"version-history":[{"count":1,"href":"https:\/\/www.o-p-i.fr\/parlonsen\/wp-json\/wp\/v2\/posts\/44885\/revisions"}],"predecessor-version":[{"id":66935,"href":"https:\/\/www.o-p-i.fr\/parlonsen\/wp-json\/wp\/v2\/posts\/44885\/revisions\/66935"}],"wp:attachment":[{"href":"https:\/\/www.o-p-i.fr\/parlonsen\/wp-json\/wp\/v2\/media?parent=44885"}],"wp:term":[{"taxonomy":"category","embeddable":true,"href":"https:\/\/www.o-p-i.fr\/parlonsen\/wp-json\/wp\/v2\/categories?post=44885"},{"taxonomy":"post_tag","embeddable":true,"href":"https:\/\/www.o-p-i.fr\/parlonsen\/wp-json\/wp\/v2\/tags?post=44885"}],"curies":[{"name":"wp","href":"https:\/\/api.w.org\/{rel}","templated":true}]}}