{"id":44933,"date":"2020-02-11T12:23:29","date_gmt":"2020-02-11T11:23:29","guid":{"rendered":"https:\/\/www.o-p-i.fr\/parlonsen\/?p=44933"},"modified":"2020-02-11T12:23:29","modified_gmt":"2020-02-11T11:23:29","slug":"soiree-pyjama-a-montauban-82-3","status":"publish","type":"post","link":"https:\/\/www.o-p-i.fr\/parlonsen\/localisation\/a-cote-de-chez-nous\/soiree-pyjama-a-montauban-82-3\/","title":{"rendered":"Soir\u00e9e pyjama &#8230;\u00e0 Montauban (82)"},"content":{"rendered":"<p><strong>Vendredi 21 f\u00e9vrier 2020<\/strong> \u00e0 20h \u00e0 l&rsquo;Embellie<!--more--><br \/>\n<img data-recalc-dims=\"1\" loading=\"lazy\" decoding=\"async\" class=\"alignright size-full wp-image-44934\" src=\"https:\/\/i0.wp.com\/www.o-p-i.fr\/parlonsen\/wp-content\/uploads\/magie.jpg?resize=379%2C545&#038;ssl=1\" alt=\"\" width=\"379\" height=\"545\" srcset=\"https:\/\/i0.wp.com\/www.o-p-i.fr\/parlonsen\/wp-content\/uploads\/magie.jpg?w=379&amp;ssl=1 379w, https:\/\/i0.wp.com\/www.o-p-i.fr\/parlonsen\/wp-content\/uploads\/magie.jpg?resize=209%2C300&amp;ssl=1 209w, https:\/\/i0.wp.com\/www.o-p-i.fr\/parlonsen\/wp-content\/uploads\/magie.jpg?resize=104%2C150&amp;ssl=1 104w\" sizes=\"auto, (max-width: 379px) 100vw, 379px\" \/>Soir\u00e9e pyjama avec Sol\u00e8ne \u2013 Graine de magie<\/p>\n<p>Habille-toi de ton plus beau pyjama et viens passer une soir\u00e9e pyjama inoubliable avec Sol\u00e8ne ! Ton papa et ta maman t&rsquo;accompagneront, en pyjama aussi s&rsquo;ils le souhaitent.<\/p>\n<p>Le Th\u00e9\u00e2tre de l&rsquo;Embellie vous accueillera, parents et enfants, pour un moment privil\u00e9gi\u00e9 dans une ambiance chaleureuse avec une collation (pizza, chips et grenadine \u00e0 gogo).<\/p>\n<p>En plus Sol\u00e8ne te proposera d&rsquo;assister \u00e0 son spectacle qui sera suivi d&rsquo;une animation en sa compagnie (sculpture de ballons, tours de magie, etc).<\/p>\n<p>Le spectacle : Situ\u00e9e dans une campagne enchant\u00e9e, Lutinville est un village calme et repos\u00e9 qui abrite de gentils lutins et lutines. Ils s&rsquo;appr\u00eatent tous \u00e0 f\u00eater la 10000\u00e8me lune lorsqu&rsquo;une terrible mal\u00e9diction menace les villageois. Clef de Sol, une jeune lutine un peu maladroite, doit sauver la f\u00eate de la lune. Elle sera aid\u00e9e des enfants \u00e9merveill\u00e9s et de sa graine de magie pour prot\u00e9ger son village. Ce spectacle interactif et magiquement dr\u00f4le est \u00e0 d\u00e9couvrir en famille d\u00e8s trois ans !<\/p>\n<p>Spectacle jeune public \u00e0 partir de 3 ans (dur\u00e9e 45 mn) &#8211;<\/p>\n<p>Enfants 10\u20ac &#8211; Adultes Plein tarif 12\u20ac &#8211; Adultes Tarif r\u00e9duit 10\u20ac (collation comprise)<\/p>\n<p>&nbsp;<\/p>\n<p>THEATRE DE L&rsquo;EMBELLIE &#8211; 840 avenue de Bordeaux \u00e0 Montauban &#8211; 05 63 91 96 20 &#8211;<\/p>\n<p><em>Information communiqu\u00e9e par Chantal BEGHIN<\/em><\/p>\n<p><a href=\"http:\/\/www.o-p-i.fr\/parlonsen\/agenda\/\">Retrouvez tous les \u00e9v\u00e9nements dans l&rsquo;agenda !<\/a><\/p>\n<p>&nbsp;<\/p>\n","protected":false},"excerpt":{"rendered":"<div class=\"mh-excerpt\">Vendredi 21 f\u00e9vrier 2020 \u00e0 20h \u00e0 l&rsquo;Embellie<\/div>\n","protected":false},"author":4,"featured_media":0,"comment_status":"open","ping_status":"open","sticky":false,"template":"","format":"standard","meta":{"om_disable_all_campaigns":false,"advanced_seo_description":"","jetpack_seo_html_title":"","jetpack_seo_noindex":false,"_jetpack_memberships_contains_paid_content":false,"footnotes":"","_links_to":"","_links_to_target":""},"categories":[42,54,3870],"tags":[99,866,2736],"class_list":{"0":"post-44933","1":"post","2":"type-post","3":"status-publish","4":"format-standard","6":"category-a-cote-de-chez-nous","7":"category-loisirs","8":"category-n-167-fevrier-2020","9":"tag-montauban","10":"tag-jeune-public","11":"tag-theatre-de-lembellie"},"jetpack_featured_media_url":"","views":{"total":0,"cached_at":"","cached_date":1738299814},"jetpack_likes_enabled":true,"jetpack_sharing_enabled":true,"jetpack_shortlink":"https:\/\/wp.me\/pg7Wxj-bGJ","jetpack-related-posts":[],"_links":{"self":[{"href":"https:\/\/www.o-p-i.fr\/parlonsen\/wp-json\/wp\/v2\/posts\/44933","targetHints":{"allow":["GET"]}}],"collection":[{"href":"https:\/\/www.o-p-i.fr\/parlonsen\/wp-json\/wp\/v2\/posts"}],"about":[{"href":"https:\/\/www.o-p-i.fr\/parlonsen\/wp-json\/wp\/v2\/types\/post"}],"author":[{"embeddable":true,"href":"https:\/\/www.o-p-i.fr\/parlonsen\/wp-json\/wp\/v2\/users\/4"}],"replies":[{"embeddable":true,"href":"https:\/\/www.o-p-i.fr\/parlonsen\/wp-json\/wp\/v2\/comments?post=44933"}],"version-history":[{"count":0,"href":"https:\/\/www.o-p-i.fr\/parlonsen\/wp-json\/wp\/v2\/posts\/44933\/revisions"}],"wp:attachment":[{"href":"https:\/\/www.o-p-i.fr\/parlonsen\/wp-json\/wp\/v2\/media?parent=44933"}],"wp:term":[{"taxonomy":"category","embeddable":true,"href":"https:\/\/www.o-p-i.fr\/parlonsen\/wp-json\/wp\/v2\/categories?post=44933"},{"taxonomy":"post_tag","embeddable":true,"href":"https:\/\/www.o-p-i.fr\/parlonsen\/wp-json\/wp\/v2\/tags?post=44933"}],"curies":[{"name":"wp","href":"https:\/\/api.w.org\/{rel}","templated":true}]}}