{"id":44966,"date":"2020-02-13T21:22:27","date_gmt":"2020-02-13T20:22:27","guid":{"rendered":"https:\/\/www.o-p-i.fr\/parlonsen\/?p=44966"},"modified":"2020-02-13T21:25:02","modified_gmt":"2020-02-13T20:25:02","slug":"atelier-creatif-electronico-solaire-a-rabastens-81","status":"publish","type":"post","link":"https:\/\/www.o-p-i.fr\/parlonsen\/parlons-en\/pratique\/atelier-creatif-electronico-solaire-a-rabastens-81\/","title":{"rendered":"Atelier cr\u00e9atif \u00e9lectronico-solaire &#8230; \u00e0 Rabastens (81)"},"content":{"rendered":"<p>Les <strong>mercredis 12 et 19 f\u00e9vrier 2020<\/strong> de 14h. \u00e0 18h. \u00e0 l&rsquo;association Digitarn.<\/p>\n<p><!--more--><a href=\"http:\/\/www.digitarn.fr\/\" target=\"_blank\" rel=\"noopener noreferrer\"><img data-recalc-dims=\"1\" loading=\"lazy\" decoding=\"async\" class=\"alignright size-full wp-image-44968\" src=\"https:\/\/i0.wp.com\/www.o-p-i.fr\/parlonsen\/wp-content\/uploads\/dIGITARN.jpg?resize=227%2C269&#038;ssl=1\" alt=\"\" width=\"227\" height=\"269\" srcset=\"https:\/\/i0.wp.com\/www.o-p-i.fr\/parlonsen\/wp-content\/uploads\/dIGITARN.jpg?w=227&amp;ssl=1 227w, https:\/\/i0.wp.com\/www.o-p-i.fr\/parlonsen\/wp-content\/uploads\/dIGITARN.jpg?resize=127%2C150&amp;ssl=1 127w\" sizes=\"auto, (max-width: 227px) 100vw, 227px\" \/><\/a>Atelier parent &#8211; enfant pour la cr\u00e9ation d&rsquo;un insecte \u00e9lectronico &#8211; solaire<br \/>\nVenez d\u00e9couvrir en bin\u00f4me parent &#8211; enfant (11 ans et +) l&rsquo;\u00e9lectronique ludique, au travers de la fabrication d&rsquo;un insecte enti\u00e8rement cr\u00e9\u00e9 en composants et qui chante au soleil !<\/p>\n<p>L&rsquo;atelier se d\u00e9compose en deux s\u00e9ances de 4h les deux mercredis des vacances de f\u00e9vrier (12 &amp; 19), de 14h \u00e0 18h.<br \/>\n<strong>Tarif:<\/strong>\u00a0 : 40 \u20acuros par bin\u00f4me (+ adh\u00e9sion \u00e0 l&rsquo;association) mat\u00e9riel et outils fournis.<\/p>\n<p>Inscription requise par courriel: <a href=\"mailto:association@digitarn.fr\" target=\"_blank\" rel=\"noopener noreferrer\">association@digitarn.fr<\/a><br \/>\nN&rsquo;h\u00e9sitez pas \u00e0 nous contacter pour toute question ou demande d&rsquo;informations.<\/p>\n<p>Le local de l&rsquo;<a href=\"http:\/\/www.digitarn.fr\/\" target=\"_blank\" rel=\"noopener noreferrer\">association DIGITARN<\/a> se trouve dans le b\u00e2timent du self garage \u00e0 c\u00f4t\u00e9 de la m\u00e9diath\u00e8que de Rabastens, en face du coll\u00e8ge Gambetta.<br \/>\nAssociation DIGITARN 22 rue Jean Vanel, 81800-Rabastens<\/p>\n<p><strong> Organisateur : <a href=\"http:\/\/www.digitarn.fr\" target=\"_blank\" rel=\"noopener noreferrer\">Association DIGITARN<\/a><\/strong><\/p>\n<p><strong> Contact : <\/strong>Pellerin Vanessa<br \/>\n22 rue Jean Vanel<br \/>\n81800-Rabastens<br \/>\nT\u00e9l. :0767038160<br \/>\nCourriel : <a href=\"mailto:association@digitarn.fr\" target=\"_blank\" rel=\"noopener noreferrer\">association@digitarn.fr<\/a><\/p>\n<p><em>Information communiqu\u00e9e par Vanessa PELLERIN<\/em><\/p>\n<p><a href=\"http:\/\/www.o-p-i.fr\/parlonsen\/agenda\/\">Retrouvez tous les \u00e9v\u00e9nements dans l&rsquo;agenda !<\/a><\/p>\n","protected":false},"excerpt":{"rendered":"<div class=\"mh-excerpt\">Les mercredis 12 et 19 f\u00e9vrier 2020 de 14h. \u00e0 18h. \u00e0 l&rsquo;association Digitarn.<\/div>\n","protected":false},"author":4,"featured_media":0,"comment_status":"open","ping_status":"open","sticky":false,"template":"","format":"standard","meta":{"om_disable_all_campaigns":false,"advanced_seo_description":"","jetpack_seo_html_title":"","jetpack_seo_noindex":false,"_jetpack_memberships_contains_paid_content":false,"footnotes":"","_links_to":"","_links_to_target":""},"categories":[42,725,6,3870],"tags":[72,539,1568,3933,3934],"class_list":{"0":"post-44966","1":"post","2":"type-post","3":"status-publish","4":"format-standard","6":"category-a-cote-de-chez-nous","7":"category-formation-parlons-en","8":"category-pratique","9":"category-n-167-fevrier-2020","10":"tag-rabastens","11":"tag-solaire","12":"tag-atelier-enfant","13":"tag-digitarn","14":"tag-electronique"},"jetpack_featured_media_url":"","views":{"total":2,"cached_at":"","cached_date":1738204805},"jetpack_likes_enabled":true,"jetpack_sharing_enabled":true,"jetpack_shortlink":"https:\/\/wp.me\/pg7Wxj-bHg","jetpack-related-posts":[],"_links":{"self":[{"href":"https:\/\/www.o-p-i.fr\/parlonsen\/wp-json\/wp\/v2\/posts\/44966","targetHints":{"allow":["GET"]}}],"collection":[{"href":"https:\/\/www.o-p-i.fr\/parlonsen\/wp-json\/wp\/v2\/posts"}],"about":[{"href":"https:\/\/www.o-p-i.fr\/parlonsen\/wp-json\/wp\/v2\/types\/post"}],"author":[{"embeddable":true,"href":"https:\/\/www.o-p-i.fr\/parlonsen\/wp-json\/wp\/v2\/users\/4"}],"replies":[{"embeddable":true,"href":"https:\/\/www.o-p-i.fr\/parlonsen\/wp-json\/wp\/v2\/comments?post=44966"}],"version-history":[{"count":0,"href":"https:\/\/www.o-p-i.fr\/parlonsen\/wp-json\/wp\/v2\/posts\/44966\/revisions"}],"wp:attachment":[{"href":"https:\/\/www.o-p-i.fr\/parlonsen\/wp-json\/wp\/v2\/media?parent=44966"}],"wp:term":[{"taxonomy":"category","embeddable":true,"href":"https:\/\/www.o-p-i.fr\/parlonsen\/wp-json\/wp\/v2\/categories?post=44966"},{"taxonomy":"post_tag","embeddable":true,"href":"https:\/\/www.o-p-i.fr\/parlonsen\/wp-json\/wp\/v2\/tags?post=44966"}],"curies":[{"name":"wp","href":"https:\/\/api.w.org\/{rel}","templated":true}]}}