{"id":44985,"date":"2020-02-18T23:19:07","date_gmt":"2020-02-18T22:19:07","guid":{"rendered":"https:\/\/www.o-p-i.fr\/parlonsen\/?p=44985"},"modified":"2020-02-18T23:19:07","modified_gmt":"2020-02-18T22:19:07","slug":"mardi-gras-a-montgaillard-81","status":"publish","type":"post","link":"https:\/\/www.o-p-i.fr\/parlonsen\/localisation\/au-pays-des-tescous\/montgaillard\/mardi-gras-a-montgaillard-81\/","title":{"rendered":"\u00ab\u00a0Mardi Gras\u00a0\u00bb&#8230;. \u00e0 Montgaillard (81)"},"content":{"rendered":"<p><strong>Mardi 25 f\u00e9vrier 2020<\/strong>, \u00e0 12h.30 salle Charles Gayral.<!--more--><\/p>\n<p><img data-recalc-dims=\"1\" loading=\"lazy\" decoding=\"async\" class=\"alignleft size-full wp-image-44986\" src=\"https:\/\/i0.wp.com\/www.o-p-i.fr\/parlonsen\/wp-content\/uploads\/mardi-gras.jpg?resize=269%2C105&#038;ssl=1\" alt=\"\" width=\"269\" height=\"105\" srcset=\"https:\/\/i0.wp.com\/www.o-p-i.fr\/parlonsen\/wp-content\/uploads\/mardi-gras.jpg?w=269&amp;ssl=1 269w, https:\/\/i0.wp.com\/www.o-p-i.fr\/parlonsen\/wp-content\/uploads\/mardi-gras.jpg?resize=150%2C59&amp;ssl=1 150w\" sizes=\"auto, (max-width: 269px) 100vw, 269px\" \/>Le Club des A\u00een\u00e9s Ruraux de Montgaillard perp\u00e9tue la tradition et vous invite \u00e0 f\u00eater Mardi Gras.<\/p>\n<p><img data-recalc-dims=\"1\" loading=\"lazy\" decoding=\"async\" class=\"alignright size-full wp-image-44987\" src=\"https:\/\/i0.wp.com\/www.o-p-i.fr\/parlonsen\/wp-content\/uploads\/favarel.jpg?resize=184%2C190&#038;ssl=1\" alt=\"\" width=\"184\" height=\"190\" srcset=\"https:\/\/i0.wp.com\/www.o-p-i.fr\/parlonsen\/wp-content\/uploads\/favarel.jpg?w=184&amp;ssl=1 184w, https:\/\/i0.wp.com\/www.o-p-i.fr\/parlonsen\/wp-content\/uploads\/favarel.jpg?resize=145%2C150&amp;ssl=1 145w\" sizes=\"auto, (max-width: 184px) 100vw, 184px\" \/>Animation Christian FAVAREL<\/p>\n<p>Participation adh\u00e9rent: 18 \u20acuros<\/p>\n<p>Participation non adh\u00e9rents: 20 \u20acuros<\/p>\n<p>Inscription au 05 63 40 56 67 dans les meilleurs d\u00e9lais<\/p>\n<p>Information communiqu\u00e9e par Andr\u00e9 VERLHAC<\/p>\n<p><a href=\"http:\/\/www.o-p-i.fr\/parlonsen\/agenda\/\">Retrouvez tous les \u00e9v\u00e9nements dans l&rsquo;agenda !<\/a><\/p>\n","protected":false},"excerpt":{"rendered":"<div class=\"mh-excerpt\">Mardi 25 f\u00e9vrier 2020, \u00e0 12h.30 salle Charles Gayral.<\/div>\n","protected":false},"author":4,"featured_media":0,"comment_status":"open","ping_status":"open","sticky":false,"template":"","format":"standard","meta":{"om_disable_all_campaigns":false,"advanced_seo_description":"","jetpack_seo_html_title":"","jetpack_seo_noindex":false,"_jetpack_memberships_contains_paid_content":false,"footnotes":"","_links_to":"","_links_to_target":""},"categories":[54,31,3870],"tags":[2554,3938,320],"class_list":{"0":"post-44985","1":"post","2":"type-post","3":"status-publish","4":"format-standard","6":"category-loisirs","7":"category-montgaillard","8":"category-n-167-fevrier-2020","9":"tag-montgaillard","10":"tag-aines-ruraux","11":"tag-mardi-gras"},"jetpack_featured_media_url":"","views":{"total":0,"cached_at":"","cached_date":1738211644},"jetpack_likes_enabled":true,"jetpack_sharing_enabled":true,"jetpack_shortlink":"https:\/\/wp.me\/pg7Wxj-bHz","jetpack-related-posts":[],"_links":{"self":[{"href":"https:\/\/www.o-p-i.fr\/parlonsen\/wp-json\/wp\/v2\/posts\/44985","targetHints":{"allow":["GET"]}}],"collection":[{"href":"https:\/\/www.o-p-i.fr\/parlonsen\/wp-json\/wp\/v2\/posts"}],"about":[{"href":"https:\/\/www.o-p-i.fr\/parlonsen\/wp-json\/wp\/v2\/types\/post"}],"author":[{"embeddable":true,"href":"https:\/\/www.o-p-i.fr\/parlonsen\/wp-json\/wp\/v2\/users\/4"}],"replies":[{"embeddable":true,"href":"https:\/\/www.o-p-i.fr\/parlonsen\/wp-json\/wp\/v2\/comments?post=44985"}],"version-history":[{"count":0,"href":"https:\/\/www.o-p-i.fr\/parlonsen\/wp-json\/wp\/v2\/posts\/44985\/revisions"}],"wp:attachment":[{"href":"https:\/\/www.o-p-i.fr\/parlonsen\/wp-json\/wp\/v2\/media?parent=44985"}],"wp:term":[{"taxonomy":"category","embeddable":true,"href":"https:\/\/www.o-p-i.fr\/parlonsen\/wp-json\/wp\/v2\/categories?post=44985"},{"taxonomy":"post_tag","embeddable":true,"href":"https:\/\/www.o-p-i.fr\/parlonsen\/wp-json\/wp\/v2\/tags?post=44985"}],"curies":[{"name":"wp","href":"https:\/\/api.w.org\/{rel}","templated":true}]}}