{"id":45015,"date":"2020-02-21T01:55:56","date_gmt":"2020-02-21T00:55:56","guid":{"rendered":"https:\/\/www.o-p-i.fr\/parlonsen\/?p=45015"},"modified":"2020-02-21T01:55:56","modified_gmt":"2020-02-21T00:55:56","slug":"decouvrir-paroles-de-femmes-81-a-montgaillard-81","status":"publish","type":"post","link":"https:\/\/www.o-p-i.fr\/parlonsen\/localisation\/au-pays-des-tescous\/montgaillard\/decouvrir-paroles-de-femmes-81-a-montgaillard-81\/","title":{"rendered":"D\u00e9couvrir \u00ab\u00a0Paroles de Femmes 81\u00a0\u00bb &#8230;\u00e0 Montgaillard (81)"},"content":{"rendered":"<p><strong>Jeudi 5 Mars 2020<\/strong> de 20h \u00e0 21h30 \u00e0 la salle des f\u00eates<!--more-->Rencontre pour accueillir et d\u00e9couvrir l\u2019<a href=\"https:\/\/www.parolesdefemmes81.fr\/\" target=\"_blank\" rel=\"noopener noreferrer\">Association Paroles de Femmes 81<\/a><br \/>\nEntr\u00e9e libre<\/p>\n<p>L\u2019animatrice Maya vous en pr\u00e9sentera les activit\u00e9s et les th\u00e8mes :<br \/>\nPr\u00e9carit\u00e9, Solitude, Isolement, Difficult\u00e9s conjugales, Violences, Harc\u00e8lements&#8230;<br \/>\net les services gratuits : Ateliers collectifs, Accompagnements individuels, Sensibilisation et formation,<\/p>\n<p>Venez nombreuses et nombreux recueillir toutes ces informations et les transmettre \u00e0 celles et ceux que vous aimez,<\/p>\n<p>Votre relai rural: Dany 06 07 72 36 48 si vous souhaitez d\u2019autres informations,<\/p>\n<p>PS : Apportez une boisson \u00e0 partager et un verre pour le plaisir d\u2019\u00eatre l\u00e0 ensemble.<\/p>\n<p>Information communiqu\u00e9e par Dany DUNET<\/p>\n<p><a href=\"http:\/\/www.o-p-i.fr\/parlonsen\/agenda\/\">Retrouvez tous les \u00e9v\u00e9nements dans l&rsquo;agenda !<\/a><\/p>\n<p>&nbsp;<\/p>\n","protected":false},"excerpt":{"rendered":"<div class=\"mh-excerpt\">Jeudi 5 Mars 2020 de 20h \u00e0 21h30 \u00e0 la salle des f\u00eates<\/div>\n","protected":false},"author":4,"featured_media":0,"comment_status":"open","ping_status":"open","sticky":false,"template":"","format":"standard","meta":{"om_disable_all_campaigns":false,"advanced_seo_description":"","jetpack_seo_html_title":"","jetpack_seo_noindex":false,"_jetpack_memberships_contains_paid_content":false,"footnotes":"","_links_to":"","_links_to_target":""},"categories":[52,290,31,291,3916],"tags":[2554,330,967],"class_list":{"0":"post-45015","1":"post","2":"type-post","3":"status-publish","4":"format-standard","6":"category-parlons-en","7":"category-entraide","8":"category-montgaillard","9":"category-solidarite","10":"category-n-168-mars-2020","11":"tag-montgaillard","12":"tag-rencontre","13":"tag-paroles-de-femmes"},"jetpack_featured_media_url":"","views":{"total":0,"cached_at":"","cached_date":1738512196},"jetpack_likes_enabled":true,"jetpack_sharing_enabled":true,"jetpack_shortlink":"https:\/\/wp.me\/pg7Wxj-bI3","jetpack-related-posts":[],"_links":{"self":[{"href":"https:\/\/www.o-p-i.fr\/parlonsen\/wp-json\/wp\/v2\/posts\/45015","targetHints":{"allow":["GET"]}}],"collection":[{"href":"https:\/\/www.o-p-i.fr\/parlonsen\/wp-json\/wp\/v2\/posts"}],"about":[{"href":"https:\/\/www.o-p-i.fr\/parlonsen\/wp-json\/wp\/v2\/types\/post"}],"author":[{"embeddable":true,"href":"https:\/\/www.o-p-i.fr\/parlonsen\/wp-json\/wp\/v2\/users\/4"}],"replies":[{"embeddable":true,"href":"https:\/\/www.o-p-i.fr\/parlonsen\/wp-json\/wp\/v2\/comments?post=45015"}],"version-history":[{"count":0,"href":"https:\/\/www.o-p-i.fr\/parlonsen\/wp-json\/wp\/v2\/posts\/45015\/revisions"}],"wp:attachment":[{"href":"https:\/\/www.o-p-i.fr\/parlonsen\/wp-json\/wp\/v2\/media?parent=45015"}],"wp:term":[{"taxonomy":"category","embeddable":true,"href":"https:\/\/www.o-p-i.fr\/parlonsen\/wp-json\/wp\/v2\/categories?post=45015"},{"taxonomy":"post_tag","embeddable":true,"href":"https:\/\/www.o-p-i.fr\/parlonsen\/wp-json\/wp\/v2\/tags?post=45015"}],"curies":[{"name":"wp","href":"https:\/\/api.w.org\/{rel}","templated":true}]}}