{"id":45051,"date":"2020-02-27T12:56:50","date_gmt":"2020-02-27T11:56:50","guid":{"rendered":"https:\/\/www.o-p-i.fr\/parlonsen\/?p=45051"},"modified":"2020-02-27T12:56:50","modified_gmt":"2020-02-27T11:56:50","slug":"en-mars-2020-a-la-mediatheque-castelnau-de-montmiral-81","status":"publish","type":"post","link":"https:\/\/www.o-p-i.fr\/parlonsen\/parlons-en\/culture\/en-mars-2020-a-la-mediatheque-castelnau-de-montmiral-81\/","title":{"rendered":"En mars 2020, \u00e0 la m\u00e9diath\u00e8que &#8230; Castelnau de Montmiral (81)"},"content":{"rendered":"<p>Les <strong>samedis 14 et 21 mars 2020<\/strong>, <!--more--><\/p>\n<ul>\n<li><strong><img data-recalc-dims=\"1\" loading=\"lazy\" decoding=\"async\" class=\"alignright size-full wp-image-45079\" src=\"https:\/\/i0.wp.com\/www.o-p-i.fr\/parlonsen\/wp-content\/uploads\/poetes.jpg?resize=375%2C287&#038;ssl=1\" alt=\"\" width=\"375\" height=\"287\" srcset=\"https:\/\/i0.wp.com\/www.o-p-i.fr\/parlonsen\/wp-content\/uploads\/poetes.jpg?w=375&amp;ssl=1 375w, https:\/\/i0.wp.com\/www.o-p-i.fr\/parlonsen\/wp-content\/uploads\/poetes.jpg?resize=300%2C230&amp;ssl=1 300w, https:\/\/i0.wp.com\/www.o-p-i.fr\/parlonsen\/wp-content\/uploads\/poetes.jpg?resize=150%2C115&amp;ssl=1 150w\" sizes=\"auto, (max-width: 375px) 100vw, 375px\" \/>Le samedi 14 mars \u00e0 18h15<\/strong> : Venez \u00e9couter, partager, lire vos po\u00e8mes pr\u00e9f\u00e9r\u00e9s dans le cadre du 22\u00e8me Printemps des po\u00e8tes.<\/li>\n<li><strong>Le samedi 21 mars \u00e0 14h30<\/strong> :<em> \u00a0\u00bb Des reliefs du plat \u00e0 l&rsquo;\u00e9levage au N\u00e9olithique\u00a0\u00bb<\/em> Conf\u00e9rence d&rsquo;Isabelle Carr\u00e8re, arch\u00e9ozoologue, ing\u00e9nieure d&rsquo;\u00e9tude EHESS, laboratoire Traces.<\/li>\n<\/ul>\n<p><img data-recalc-dims=\"1\" loading=\"lazy\" decoding=\"async\" class=\"alignleft size-full wp-image-45080\" src=\"https:\/\/i0.wp.com\/www.o-p-i.fr\/parlonsen\/wp-content\/uploads\/miam-1.jpg?resize=142%2C111&#038;ssl=1\" alt=\"\" width=\"142\" height=\"111\" \/>Cette conf\u00e9rence en collaboration avec le <strong><a href=\"https:\/\/archeotarn.fr\/\" target=\"_blank\" rel=\"noopener noreferrer\">CDAT<\/a><\/strong> s&rsquo;inscrit dans la th\u00e9matique d\u00e9partementale \u00ab\u00a0MIAM en 2020 la culture se croque dans le Tarn\u00a0\u00bb. Venez d\u00e9couvrir comment l&rsquo;arch\u00e9ologie nous apprend ce que mangeaient nos anc\u00eatres. (affiche en pj)<\/p>\n<p>Les animations sont gratuites et ouvertes \u00e0 tous.<\/p>\n<p><strong>M\u00e9diath\u00e8que Charles Portal<\/strong><br \/>\nrue du commerce<br \/>\n81140 Castelnau de Montmiral<br \/>\nles mardis de 10 \u00e0 12h, les mercredis et samedis de16 \u00e0 18h<br \/>\nt\u00e9l : 05 63 33 81 81 aux heures d&rsquo;ouverture\u200d<\/p>\n<p><em>Information communiqu\u00e9e par Florence DESFORGES<\/em><\/p>\n<p><a href=\"http:\/\/www.o-p-i.fr\/parlonsen\/agenda\/\">Retrouvez tous les \u00e9v\u00e9nements dans l&rsquo;agenda !<\/a><\/p>\n<p>&nbsp;<\/p>\n","protected":false},"excerpt":{"rendered":"<div class=\"mh-excerpt\">Les samedis 14 et 21 mars 2020,<\/div>\n","protected":false},"author":4,"featured_media":0,"comment_status":"open","ping_status":"open","sticky":false,"template":"","format":"standard","meta":{"om_disable_all_campaigns":false,"advanced_seo_description":"","jetpack_seo_html_title":"","jetpack_seo_noindex":false,"_jetpack_memberships_contains_paid_content":false,"footnotes":"","_links_to":"","_links_to_target":""},"categories":[52,22,1,3916],"tags":[],"class_list":{"0":"post-45051","1":"post","2":"type-post","3":"status-publish","4":"format-standard","6":"category-parlons-en","7":"category-castelnau","8":"category-culture","9":"category-n-168-mars-2020"},"jetpack_featured_media_url":"","views":{"total":0,"cached_at":"","cached_date":1738427802},"jetpack_likes_enabled":true,"jetpack_sharing_enabled":true,"jetpack_shortlink":"https:\/\/wp.me\/pg7Wxj-bID","jetpack-related-posts":[],"_links":{"self":[{"href":"https:\/\/www.o-p-i.fr\/parlonsen\/wp-json\/wp\/v2\/posts\/45051","targetHints":{"allow":["GET"]}}],"collection":[{"href":"https:\/\/www.o-p-i.fr\/parlonsen\/wp-json\/wp\/v2\/posts"}],"about":[{"href":"https:\/\/www.o-p-i.fr\/parlonsen\/wp-json\/wp\/v2\/types\/post"}],"author":[{"embeddable":true,"href":"https:\/\/www.o-p-i.fr\/parlonsen\/wp-json\/wp\/v2\/users\/4"}],"replies":[{"embeddable":true,"href":"https:\/\/www.o-p-i.fr\/parlonsen\/wp-json\/wp\/v2\/comments?post=45051"}],"version-history":[{"count":0,"href":"https:\/\/www.o-p-i.fr\/parlonsen\/wp-json\/wp\/v2\/posts\/45051\/revisions"}],"wp:attachment":[{"href":"https:\/\/www.o-p-i.fr\/parlonsen\/wp-json\/wp\/v2\/media?parent=45051"}],"wp:term":[{"taxonomy":"category","embeddable":true,"href":"https:\/\/www.o-p-i.fr\/parlonsen\/wp-json\/wp\/v2\/categories?post=45051"},{"taxonomy":"post_tag","embeddable":true,"href":"https:\/\/www.o-p-i.fr\/parlonsen\/wp-json\/wp\/v2\/tags?post=45051"}],"curies":[{"name":"wp","href":"https:\/\/api.w.org\/{rel}","templated":true}]}}