{"id":45065,"date":"2020-02-26T18:21:59","date_gmt":"2020-02-26T17:21:59","guid":{"rendered":"https:\/\/www.o-p-i.fr\/parlonsen\/?p=45065"},"modified":"2020-02-26T18:21:59","modified_gmt":"2020-02-26T17:21:59","slug":"expo-a-la-mediatheque-a-saint-nauphary-82","status":"publish","type":"post","link":"https:\/\/www.o-p-i.fr\/parlonsen\/parlons-en\/culture\/expo-a-la-mediatheque-a-saint-nauphary-82\/","title":{"rendered":"Expo \u00e0 la m\u00e9diath\u00e8que&#8230; \u00e0 Saint Nauphary (82)"},"content":{"rendered":"<p><strong>Du 6 au 28 mars 2020<\/strong>, \u00ab\u00a0Lumi\u00e8res\u00a0\u00bb<!--more--><\/p>\n<p><img data-recalc-dims=\"1\" loading=\"lazy\" decoding=\"async\" class=\"alignright size-full wp-image-45066\" src=\"https:\/\/i0.wp.com\/www.o-p-i.fr\/parlonsen\/wp-content\/uploads\/lumi%C3%A8res.jpg?resize=437%2C312&#038;ssl=1\" alt=\"\" width=\"437\" height=\"312\" srcset=\"https:\/\/i0.wp.com\/www.o-p-i.fr\/parlonsen\/wp-content\/uploads\/lumi%C3%A8res.jpg?w=437&amp;ssl=1 437w, https:\/\/i0.wp.com\/www.o-p-i.fr\/parlonsen\/wp-content\/uploads\/lumi%C3%A8res.jpg?resize=300%2C214&amp;ssl=1 300w, https:\/\/i0.wp.com\/www.o-p-i.fr\/parlonsen\/wp-content\/uploads\/lumi%C3%A8res.jpg?resize=150%2C107&amp;ssl=1 150w, https:\/\/i0.wp.com\/www.o-p-i.fr\/parlonsen\/wp-content\/uploads\/lumi%C3%A8res.jpg?resize=400%2C286&amp;ssl=1 400w\" sizes=\"auto, (max-width: 437px) 100vw, 437px\" \/>En ce mois de mars qui annonce l\u2019arriv\u00e9e du printemps, l\u2019association ST NO\u2019LIVRES illumine de couleurs les murs de la m\u00e9diath\u00e8que de Saint-Nauphary, gr\u00e2ce \u00e0 l\u2019exposition de peintures \u00ab\u00a0LUMIERES\u00a0\u00bb pr\u00e9sent\u00e9e par Dominique NIZARD du 6 au 28 mars 2020.<br \/>\nApr\u00e8s une enfance et adolescence marqu\u00e9es par l\u2019Afrique du Nord et l\u2019Afrique, une vie professionnelle anim\u00e9e, pour une grande partie dans la lumi\u00e8re du Var puis une installation en pays du Quercy dans les ann\u00e9es 2009, elle r\u00e9side aujourd\u2019hui \u00e0 Piquecos.<br \/>\nToujours int\u00e9ress\u00e9e par les arts plastiques et essentiellement la peinture, elle a commenc\u00e9 \u00e0 peindre s\u00e9rieusement depuis environ 2 ans, apr\u00e8s la retraite.<br \/>\nSes peintres pr\u00e9f\u00e9r\u00e9s : Gauguin, Van Gogh, le Douanier Rousseau, Matisse, Macke et aussi certains artistes de Street art dont YZ&#8230;<br \/>\n<img data-recalc-dims=\"1\" loading=\"lazy\" decoding=\"async\" class=\"alignleft size-full wp-image-45067\" src=\"https:\/\/i0.wp.com\/www.o-p-i.fr\/parlonsen\/wp-content\/uploads\/Nizard.jpeg?resize=283%2C283&#038;ssl=1\" alt=\"\" width=\"283\" height=\"283\" srcset=\"https:\/\/i0.wp.com\/www.o-p-i.fr\/parlonsen\/wp-content\/uploads\/Nizard.jpeg?w=283&amp;ssl=1 283w, https:\/\/i0.wp.com\/www.o-p-i.fr\/parlonsen\/wp-content\/uploads\/Nizard.jpeg?resize=150%2C150&amp;ssl=1 150w\" sizes=\"auto, (max-width: 283px) 100vw, 283px\" \/>Dominique NIZARD a choisi l&rsquo;aquarelle, \u00e0 la fois pour sa transparence, sa luminosit\u00e9, son \u00ab\u00a0imm\u00e9diatet\u00e9\u00a0\u00bb&#8230; Actuellement, elle se tourne vers la peinture \u00e0 l\u2019huile.<br \/>\nAutodidacte, elle a particip\u00e9 pendant deux ans \u00e0 l&rsquo;atelier dessin et peinture du centre social de Lafran\u00e7aise.<br \/>\nDepuis d\u00e9but 2018, l\u2019artiste participe \u00e0 des salons, ainsi que des expositions en solo, pour montrer son travail, sortir de son atelier et rencontrer le public.<br \/>\nDominique NIZARD s\u2019exprime\u00a0:<br \/>\n<em>\u00ab\u00a0Pourquoi je peins\u00a0? : \u00ab\u00a0Si vous pouviez le dire avec des mots il n&rsquo;y aurait aucune raison de le peindre\u00a0\u00bb \u2022 E.Hopper Tout est dit\u00a0!!!<\/em><br \/>\n<em>Je privil\u00e9gie le travail sur les couleurs car elles s\u2019adressent directement au spectateur, comme c\u2019est le cas pour moi. Elles touchent directement aux \u00e9motions. D\u2019ailleurs, l\u2019Art est affaire d\u2019\u00e9motions, au-del\u00e0 de la technique\u2026<\/em><br \/>\n<em>Mon \u00e9lan cr\u00e9atif est li\u00e9 \u00e0 la nature, la mer, le soleil\u2026 les rencontres\u2026 et aux envies que cela d\u00e9clenche de me mettre aux pinceaux.\u00a0\u00bb<\/em><\/p>\n<p>L\u2019association ST NO\u2019LIVRES vous invite \u00e0 venir vous \u00e9clairer au travers des toiles que Dominique NIZARD souhaite vous faire partager !<\/p>\n<p>Information communiqu\u00e9e par Isabelle SERNY<\/p>\n<p><a href=\"http:\/\/www.o-p-i.fr\/parlonsen\/agenda\/\">Retrouvez tous les \u00e9v\u00e9nements dans l&rsquo;agenda !<\/a><\/p>\n","protected":false},"excerpt":{"rendered":"<div class=\"mh-excerpt\">Du 6 au 28 mars 2020, \u00ab\u00a0Lumi\u00e8res\u00a0\u00bb<\/div>\n","protected":false},"author":4,"featured_media":0,"comment_status":"open","ping_status":"open","sticky":false,"template":"","format":"standard","meta":{"om_disable_all_campaigns":false,"advanced_seo_description":"","jetpack_seo_html_title":"","jetpack_seo_noindex":false,"_jetpack_memberships_contains_paid_content":false,"footnotes":"","_links_to":"","_links_to_target":""},"categories":[1,54,17,3916],"tags":[269,1514,2608,3039],"class_list":{"0":"post-45065","1":"post","2":"type-post","3":"status-publish","4":"format-standard","6":"category-culture","7":"category-loisirs","8":"category-saint_nauphary","9":"category-n-168-mars-2020","10":"tag-exposition-peinture","11":"tag-mediatheque","12":"tag-saint-nauphary","13":"tag-st-no-livres"},"jetpack_featured_media_url":"","views":{"total":0,"cached_at":"","cached_date":1738475912},"jetpack_likes_enabled":true,"jetpack_sharing_enabled":true,"jetpack_shortlink":"https:\/\/wp.me\/pg7Wxj-bIR","jetpack-related-posts":[],"_links":{"self":[{"href":"https:\/\/www.o-p-i.fr\/parlonsen\/wp-json\/wp\/v2\/posts\/45065","targetHints":{"allow":["GET"]}}],"collection":[{"href":"https:\/\/www.o-p-i.fr\/parlonsen\/wp-json\/wp\/v2\/posts"}],"about":[{"href":"https:\/\/www.o-p-i.fr\/parlonsen\/wp-json\/wp\/v2\/types\/post"}],"author":[{"embeddable":true,"href":"https:\/\/www.o-p-i.fr\/parlonsen\/wp-json\/wp\/v2\/users\/4"}],"replies":[{"embeddable":true,"href":"https:\/\/www.o-p-i.fr\/parlonsen\/wp-json\/wp\/v2\/comments?post=45065"}],"version-history":[{"count":0,"href":"https:\/\/www.o-p-i.fr\/parlonsen\/wp-json\/wp\/v2\/posts\/45065\/revisions"}],"wp:attachment":[{"href":"https:\/\/www.o-p-i.fr\/parlonsen\/wp-json\/wp\/v2\/media?parent=45065"}],"wp:term":[{"taxonomy":"category","embeddable":true,"href":"https:\/\/www.o-p-i.fr\/parlonsen\/wp-json\/wp\/v2\/categories?post=45065"},{"taxonomy":"post_tag","embeddable":true,"href":"https:\/\/www.o-p-i.fr\/parlonsen\/wp-json\/wp\/v2\/tags?post=45065"}],"curies":[{"name":"wp","href":"https:\/\/api.w.org\/{rel}","templated":true}]}}