{"id":45125,"date":"2020-03-05T12:38:02","date_gmt":"2020-03-05T11:38:02","guid":{"rendered":"https:\/\/www.o-p-i.fr\/parlonsen\/?p=45125"},"modified":"2020-03-14T11:42:55","modified_gmt":"2020-03-14T10:42:55","slug":"ce-que-deviennent-les-choses-a-cordes-sur-ciel-81","status":"publish","type":"post","link":"https:\/\/www.o-p-i.fr\/parlonsen\/localisation\/a-cote-de-chez-nous\/ce-que-deviennent-les-choses-a-cordes-sur-ciel-81\/","title":{"rendered":"\u00ab\u00a0Ce que deviennent les choses\u00a0\u00bb &#8230;\u00e0 Cordes sur ciel (81)"},"content":{"rendered":"<p><del><strong>Dimanche 15 mars 2020<\/strong><\/del> \u00e0\u00a0 16 h. au Colombier.<span style=\"color: #ff0000;\"><strong>Report\u00e9Coronavirus<\/strong><\/span><!--more--><br \/>\n<img data-recalc-dims=\"1\" loading=\"lazy\" decoding=\"async\" class=\"alignright size-full wp-image-45126\" src=\"https:\/\/i0.wp.com\/www.o-p-i.fr\/parlonsen\/wp-content\/uploads\/choses.jpg?resize=425%2C537&#038;ssl=1\" alt=\"\" width=\"425\" height=\"537\" srcset=\"https:\/\/i0.wp.com\/www.o-p-i.fr\/parlonsen\/wp-content\/uploads\/choses.jpg?w=425&amp;ssl=1 425w, https:\/\/i0.wp.com\/www.o-p-i.fr\/parlonsen\/wp-content\/uploads\/choses.jpg?resize=237%2C300&amp;ssl=1 237w, https:\/\/i0.wp.com\/www.o-p-i.fr\/parlonsen\/wp-content\/uploads\/choses.jpg?resize=119%2C150&amp;ssl=1 119w, https:\/\/i0.wp.com\/www.o-p-i.fr\/parlonsen\/wp-content\/uploads\/choses.jpg?resize=400%2C505&amp;ssl=1 400w\" sizes=\"auto, (max-width: 425px) 100vw, 425px\" \/>Imagin\u00e9, r\u00e9alis\u00e9 et interpr\u00e9t\u00e9 par Carlos Nogaledo. Compagnie D\u00e8s demain<\/p>\n<p>Par une belle journ\u00e9e, L\u00e9on et Basile, deux fr\u00e8res jumeaux, se retrouvent pour leur promenade quotidienne. Le premier est invalide sur fauteuil roulant, le second se rend disponible pour lui et veille \u00e0 ce qu\u2019il ne manque de rien.<br \/>\nLeur relation alterne entre complicit\u00e9 touchante et d\u00e9saccord fraternel. La retenue de l\u2019un et l\u2019insistance de l\u2019autre font de cette rencontre un temps charg\u00e9 de tendresse et de tension palpable.<br \/>\nParfois le ton est chaleureux et parfois un seul geste suffit \u00e0 faire \u00e9clater le conflit latent. Cette routine se brise suite \u00e0 un d\u00e9saccord de trop, ils d\u00e9cident de mettre fin \u00e0 la mascarade depuis trop longtemps install\u00e9e.<br \/>\nIls nous r\u00e9v\u00e9leront leur vraie nature pour nous faire basculer dans une r\u00e9alit\u00e9 bien diff\u00e9rente \u2026 !!!<\/p>\n<p>Spectacle de sortie de r\u00e9sidence<\/p>\n<p>Tout public \u00e0 partir de 12 ans &#8211; Dur\u00e9e : 45 minutes<\/p>\n<p>Tarifs : 12 \u20ac &#8211; 8 \u20ac (adh\u00e9rent, demandeur d&#8217;emploi, \u00e9tudiant) &#8211; 5 \u20ac enfants\/ados<\/p>\n<p><u><strong>RESERVATIONS\u00a0<\/strong><strong>: 07 83 26 33 11<\/strong><\/u><\/p>\n<div><a href=\"http:\/\/www.theatrelecolombier.fr\" target=\"_blank\" rel=\"noopener noreferrer\"><strong>Th\u00e9\u00e2tre le Colombier<\/strong><\/a><br \/>\n8 rue des Tanneries 81170 Les Cabannes &#8211; Cordes sur Ciel<br \/>\n07 83 26 33 11 &#8211;\u00a0<a href=\"mailto:contact@theatrelecolombier.fr\" target=\"_blank\" rel=\"noopener noreferrer\">contact@theatrelecolombier.fr<\/a><\/div>\n<div><em>Information communiqu\u00e9e par \u00ab\u00a0Le Colombier\u00a0\u00bb<\/em><\/div>\n<div><\/div>\n<div>\n<p><a href=\"http:\/\/www.o-p-i.fr\/parlonsen\/agenda\/\">Retrouvez tous les \u00e9v\u00e9nements dans l&rsquo;agenda !<\/a><\/p>\n<\/div>\n<div><\/div>\n","protected":false},"excerpt":{"rendered":"<div class=\"mh-excerpt\">Dimanche 15 mars 2020 \u00e0\u00a0 16 h. au Colombier.Report\u00e9Coronavirus<\/div>\n","protected":false},"author":4,"featured_media":0,"comment_status":"open","ping_status":"open","sticky":false,"template":"","format":"standard","meta":{"om_disable_all_campaigns":false,"advanced_seo_description":"","jetpack_seo_html_title":"","jetpack_seo_noindex":false,"_jetpack_memberships_contains_paid_content":false,"footnotes":"","_links_to":"","_links_to_target":""},"categories":[42,54,3916],"tags":[57,2097,3055,3952],"class_list":{"0":"post-45125","1":"post","2":"type-post","3":"status-publish","4":"format-standard","6":"category-a-cote-de-chez-nous","7":"category-loisirs","8":"category-n-168-mars-2020","9":"tag-theatre","10":"tag-cordes-sur-ciel","11":"tag-theatre-le-colombier","12":"tag-sortie-de-residence"},"jetpack_featured_media_url":"","views":{"total":0,"cached_at":"","cached_date":1738426223},"jetpack_likes_enabled":true,"jetpack_sharing_enabled":true,"jetpack_shortlink":"https:\/\/wp.me\/pg7Wxj-bJP","jetpack-related-posts":[],"_links":{"self":[{"href":"https:\/\/www.o-p-i.fr\/parlonsen\/wp-json\/wp\/v2\/posts\/45125","targetHints":{"allow":["GET"]}}],"collection":[{"href":"https:\/\/www.o-p-i.fr\/parlonsen\/wp-json\/wp\/v2\/posts"}],"about":[{"href":"https:\/\/www.o-p-i.fr\/parlonsen\/wp-json\/wp\/v2\/types\/post"}],"author":[{"embeddable":true,"href":"https:\/\/www.o-p-i.fr\/parlonsen\/wp-json\/wp\/v2\/users\/4"}],"replies":[{"embeddable":true,"href":"https:\/\/www.o-p-i.fr\/parlonsen\/wp-json\/wp\/v2\/comments?post=45125"}],"version-history":[{"count":0,"href":"https:\/\/www.o-p-i.fr\/parlonsen\/wp-json\/wp\/v2\/posts\/45125\/revisions"}],"wp:attachment":[{"href":"https:\/\/www.o-p-i.fr\/parlonsen\/wp-json\/wp\/v2\/media?parent=45125"}],"wp:term":[{"taxonomy":"category","embeddable":true,"href":"https:\/\/www.o-p-i.fr\/parlonsen\/wp-json\/wp\/v2\/categories?post=45125"},{"taxonomy":"post_tag","embeddable":true,"href":"https:\/\/www.o-p-i.fr\/parlonsen\/wp-json\/wp\/v2\/tags?post=45125"}],"curies":[{"name":"wp","href":"https:\/\/api.w.org\/{rel}","templated":true}]}}