{"id":45131,"date":"2020-03-05T16:10:48","date_gmt":"2020-03-05T15:10:48","guid":{"rendered":"https:\/\/www.o-p-i.fr\/parlonsen\/?p=45131"},"modified":"2020-03-05T16:25:15","modified_gmt":"2020-03-05T15:25:15","slug":"festival-theatre-en-quercy-vert-a-la-salvetat-belmontet-82","status":"publish","type":"post","link":"https:\/\/www.o-p-i.fr\/parlonsen\/localisation\/au-pays-des-tescous\/salvetat\/festival-theatre-en-quercy-vert-a-la-salvetat-belmontet-82\/","title":{"rendered":"Festival Th\u00e9\u00e2tre en Quercy Vert &#8230;\u00e0 La Salvetat Belmontet (82)"},"content":{"rendered":"<p><strong>Vendredi 3, samedi 4 et dimanche 5 avril 2020, <\/strong>salle de Saint Caprais.<!--more-->25\u00e8me \u00e9dition, trois soir\u00e9es de d\u00e9tente dans la bonne humeur.<\/p>\n<ul>\n<li>vendredi 3 avril \u00e0 21 h une com\u00e9die de Laurent Ruquier \u00ab\u00a0Je pr\u00e9f\u00e8re qu&rsquo;on reste amis\u00a0\u00bb par la troupe les \u00ab\u00a0AJT\u00a0\u00bb de Toulouse.<\/li>\n<li>samedi 4 avril \u00e0 21 h une com\u00e9die de No\u00ebl Piercy \u00ab\u00a0J&rsquo;y croiX pas\u00a0\u00bb par la troupe des Tr\u00e9teaux de Corbarieu.<\/li>\n<li>dimanche 5 avril \u00e0 17 h une com\u00e9die de Hugues De Rosamel par la troupe \u00ab\u00a0les Vestiaire des Filles\u00a0\u00bb de Graulhet.<\/li>\n<\/ul>\n<p>Pour voir le programme d\u00e9taill\u00e9, cliquez <strong><a href=\"https:\/\/www.o-p-i.fr\/parlonsen\/wp-content\/uploads\/25\u00e8me-Festival.pdf\">25\u00e8me Festival<\/a><\/strong><\/p>\n<p><strong> Pour y aller:<\/strong><br \/>\nsalle de St.Caprais<br \/>\n82230-La Salvetat-Belmontet<\/p>\n<p><strong>Tarifs :<\/strong><br \/>\n8 euros<br \/>\nAdulte :3\u00e8me soir\u00e9e gratuite sur pr\u00e9sentation des billets des deux premi\u00e8res<br \/>\nEnfant :Gratuit moins 12 ans<br \/>\nR\u00e9duit :5 euros<\/p>\n<p><strong> Organisateur : <\/strong>Association Th\u00e9\u00e2tre en Quercy Vert<\/p>\n<p><strong> Contact : <\/strong>Michel BORDJA<br \/>\n82230-La Salvetat-Belmontet<br \/>\nT\u00e9l. :05 63 30 47 31<\/p>\n<p><em>Information communiqu\u00e9e par<\/em> <em>Christian MOUYEN<\/em><\/p>\n<p><a href=\"http:\/\/www.o-p-i.fr\/parlonsen\/agenda\/\">Retrouvez tous les \u00e9v\u00e9nements dans l&rsquo;agenda !<\/a><\/p>\n","protected":false},"excerpt":{"rendered":"<div class=\"mh-excerpt\">Vendredi 3, samedi 4 et dimanche 5 avril 2020, salle de Saint Caprais.<\/div>\n","protected":false},"author":4,"featured_media":0,"comment_status":"open","ping_status":"open","sticky":false,"template":"","format":"standard","meta":{"om_disable_all_campaigns":false,"advanced_seo_description":"","jetpack_seo_html_title":"","jetpack_seo_noindex":false,"_jetpack_memberships_contains_paid_content":false,"footnotes":"","_links_to":"","_links_to_target":""},"categories":[52,34,54,3917],"tags":[1049,3104,3527],"class_list":{"0":"post-45131","1":"post","2":"type-post","3":"status-publish","4":"format-standard","6":"category-parlons-en","7":"category-salvetat","8":"category-loisirs","9":"category-n-169-avril-2020","10":"tag-comedie","11":"tag-festival-de-theatre","12":"tag-saint-caprais-2"},"jetpack_featured_media_url":"","views":{"total":0,"cached_at":"","cached_date":1738260314},"jetpack_likes_enabled":true,"jetpack_sharing_enabled":true,"jetpack_shortlink":"https:\/\/wp.me\/pg7Wxj-bJV","jetpack-related-posts":[],"_links":{"self":[{"href":"https:\/\/www.o-p-i.fr\/parlonsen\/wp-json\/wp\/v2\/posts\/45131","targetHints":{"allow":["GET"]}}],"collection":[{"href":"https:\/\/www.o-p-i.fr\/parlonsen\/wp-json\/wp\/v2\/posts"}],"about":[{"href":"https:\/\/www.o-p-i.fr\/parlonsen\/wp-json\/wp\/v2\/types\/post"}],"author":[{"embeddable":true,"href":"https:\/\/www.o-p-i.fr\/parlonsen\/wp-json\/wp\/v2\/users\/4"}],"replies":[{"embeddable":true,"href":"https:\/\/www.o-p-i.fr\/parlonsen\/wp-json\/wp\/v2\/comments?post=45131"}],"version-history":[{"count":0,"href":"https:\/\/www.o-p-i.fr\/parlonsen\/wp-json\/wp\/v2\/posts\/45131\/revisions"}],"wp:attachment":[{"href":"https:\/\/www.o-p-i.fr\/parlonsen\/wp-json\/wp\/v2\/media?parent=45131"}],"wp:term":[{"taxonomy":"category","embeddable":true,"href":"https:\/\/www.o-p-i.fr\/parlonsen\/wp-json\/wp\/v2\/categories?post=45131"},{"taxonomy":"post_tag","embeddable":true,"href":"https:\/\/www.o-p-i.fr\/parlonsen\/wp-json\/wp\/v2\/tags?post=45131"}],"curies":[{"name":"wp","href":"https:\/\/api.w.org\/{rel}","templated":true}]}}