{"id":45147,"date":"2020-03-05T22:49:39","date_gmt":"2020-03-05T21:49:39","guid":{"rendered":"https:\/\/www.o-p-i.fr\/parlonsen\/?p=45147"},"modified":"2020-03-05T22:55:06","modified_gmt":"2020-03-05T21:55:06","slug":"collecte-de-produits-dhygiene-a-monclar-de-quercy-82","status":"publish","type":"post","link":"https:\/\/www.o-p-i.fr\/parlonsen\/localisation\/au-pays-des-tescous\/monclar\/collecte-de-produits-dhygiene-a-monclar-de-quercy-82\/","title":{"rendered":"Collecte de produits d&rsquo;hygi\u00e8ne&#8230;\u00e0 Monclar de Quercy (82)"},"content":{"rendered":"<p>Merci.<!--more--><\/p>\n<figure id=\"attachment_45148\" aria-describedby=\"caption-attachment-45148\" style=\"width: 225px\" class=\"wp-caption alignright\"><img data-recalc-dims=\"1\" loading=\"lazy\" decoding=\"async\" class=\"wp-image-45148 size-medium\" src=\"https:\/\/i0.wp.com\/www.o-p-i.fr\/parlonsen\/wp-content\/uploads\/hygi%C3%A8ne.jpg?resize=225%2C300&#038;ssl=1\" alt=\"\" width=\"225\" height=\"300\" srcset=\"https:\/\/i0.wp.com\/www.o-p-i.fr\/parlonsen\/wp-content\/uploads\/hygi%C3%A8ne.jpg?resize=225%2C300&amp;ssl=1 225w, https:\/\/i0.wp.com\/www.o-p-i.fr\/parlonsen\/wp-content\/uploads\/hygi%C3%A8ne.jpg?resize=112%2C150&amp;ssl=1 112w, https:\/\/i0.wp.com\/www.o-p-i.fr\/parlonsen\/wp-content\/uploads\/hygi%C3%A8ne.jpg?resize=400%2C534&amp;ssl=1 400w, https:\/\/i0.wp.com\/www.o-p-i.fr\/parlonsen\/wp-content\/uploads\/hygi%C3%A8ne.jpg?w=425&amp;ssl=1 425w\" sizes=\"auto, (max-width: 225px) 100vw, 225px\" \/><figcaption id=\"caption-attachment-45148\" class=\"wp-caption-text\">la derni\u00e8re collecte<\/figcaption><\/figure>\n<p>La collecte de produits d&rsquo;hygi\u00e8nea\u00a0 et de beaut\u00e9 r\u00e9alis\u00e9e \u00e0 MOnclar de Quercy par l&rsquo;Association F\u00e9minit\u00e9 sans abri est bien s\u00fbr toujours d&rsquo;actualit\u00e9.<\/p>\n<p>Nous remercions les personnes qui ont d\u00e9pos\u00e9 les produits au cabinet des kin\u00e9s.<\/p>\n<p>Pour rappel, tous les produits collect\u00e9s sont ensuite distribu\u00e9s \u00e0 des personnes vivant en situation pr\u00e9caire, sous forme de kits dans des sacs tissus r\u00e9alis\u00e9s par des membres de l&rsquo;association ou toutes personnes d\u00e9sirant aider par cette action.<br \/>\n( taille des sacs : 30 X 30 ou 25 X 30)<\/p>\n<p>&nbsp;<\/p>\n<p>Membre de l&rsquo;association \u00e0 Monclar : Dominique MEAU, 06 07 88 32 66<\/p>\n<p>Pour plus d&rsquo;informations, le site de l&rsquo;association : <strong><a href=\"http:\/\/feminitesansabri.fr\/\" target=\"_blank\" rel=\"noopener noreferrer\">www.feminitesansabri.fr<\/a><\/strong><\/p>\n<p>et un mail : <strong><a href=\"mailto:domsame@gmail.com\" target=\"_blank\" rel=\"noopener noreferrer\">domsame@gmail.com<\/a><\/strong><\/p>\n<p><em>Informations communiqu\u00e9es par Dominique MEAU<\/em><\/p>\n<p>&nbsp;<\/p>\n","protected":false},"excerpt":{"rendered":"<div class=\"mh-excerpt\">Merci.<\/div>\n","protected":false},"author":4,"featured_media":0,"comment_status":"open","ping_status":"open","sticky":false,"template":"","format":"standard","meta":{"om_disable_all_campaigns":false,"advanced_seo_description":"","jetpack_seo_html_title":"","jetpack_seo_noindex":false,"_jetpack_memberships_contains_paid_content":false,"footnotes":"","_links_to":"","_links_to_target":""},"categories":[290,16,291,3916],"tags":[143,3959,3960],"class_list":{"0":"post-45147","1":"post","2":"type-post","3":"status-publish","4":"format-standard","6":"category-entraide","7":"category-monclar","8":"category-solidarite","9":"category-n-168-mars-2020","10":"tag-monclar-de-quercy","11":"tag-collecte-produits-hygiene","12":"tag-association-feminite-sans-abri"},"jetpack_featured_media_url":"","views":{"total":0,"cached_at":"","cached_date":1738346076},"jetpack_likes_enabled":true,"jetpack_sharing_enabled":true,"jetpack_shortlink":"https:\/\/wp.me\/pg7Wxj-bKb","jetpack-related-posts":[],"_links":{"self":[{"href":"https:\/\/www.o-p-i.fr\/parlonsen\/wp-json\/wp\/v2\/posts\/45147","targetHints":{"allow":["GET"]}}],"collection":[{"href":"https:\/\/www.o-p-i.fr\/parlonsen\/wp-json\/wp\/v2\/posts"}],"about":[{"href":"https:\/\/www.o-p-i.fr\/parlonsen\/wp-json\/wp\/v2\/types\/post"}],"author":[{"embeddable":true,"href":"https:\/\/www.o-p-i.fr\/parlonsen\/wp-json\/wp\/v2\/users\/4"}],"replies":[{"embeddable":true,"href":"https:\/\/www.o-p-i.fr\/parlonsen\/wp-json\/wp\/v2\/comments?post=45147"}],"version-history":[{"count":0,"href":"https:\/\/www.o-p-i.fr\/parlonsen\/wp-json\/wp\/v2\/posts\/45147\/revisions"}],"wp:attachment":[{"href":"https:\/\/www.o-p-i.fr\/parlonsen\/wp-json\/wp\/v2\/media?parent=45147"}],"wp:term":[{"taxonomy":"category","embeddable":true,"href":"https:\/\/www.o-p-i.fr\/parlonsen\/wp-json\/wp\/v2\/categories?post=45147"},{"taxonomy":"post_tag","embeddable":true,"href":"https:\/\/www.o-p-i.fr\/parlonsen\/wp-json\/wp\/v2\/tags?post=45147"}],"curies":[{"name":"wp","href":"https:\/\/api.w.org\/{rel}","templated":true}]}}